{"id":253490,"date":"2025-10-30T18:06:49","date_gmt":"2025-10-30T17:06:49","guid":{"rendered":"https:\/\/www.messinaoggi.it\/website\/2025\/10\/30\/convegno-nazionale-ail-al-centro-della-cura-alimentazione-e-stili-di-vita\/"},"modified":"2025-10-30T18:06:49","modified_gmt":"2025-10-30T17:06:49","slug":"convegno-nazionale-ail-al-centro-della-cura-alimentazione-e-stili-di-vita","status":"publish","type":"post","link":"https:\/\/www.messinaoggi.it\/website\/2025\/10\/30\/convegno-nazionale-ail-al-centro-della-cura-alimentazione-e-stili-di-vita\/","title":{"rendered":"Convegno Nazionale Ail, al centro della cura alimentazione e stili di vita"},"content":{"rendered":"<div>ROMA (ITALPRESS) &#8211; Si \u00e8 svolta a Roma, presso il Centro Congressi Roma Eventi &#8211; Fontana di Trevi (Piazza della Pilotta,4), la quinta edizione del Convegno Nazionale promosso dall&#8217;Associazione Italiana contro Leucemie, linfomi e mieloma, dal titolo: &#8220;Curare \u00e8 prendersi cura. Alimentazione, Benessere e Stili di Vita: l&#8217;impegno di AIL&#8221;. L&#8217;incontro \u00e8 stato un importante invito alla riflessione collettiva, alla responsabilit\u00e0 condivisa e all&#8217;azione concreta.<br \/>Il Convegno Nazionale AlL \u00e8 organizzato con il Patrocinio di: Ministero dell&#8217;Ambiente e della Sicurezza Energetica, Istituto Superiore di Sanit\u00e0, Sport e Salute, CONI Comitato Olimpico Nazionale Italiano, ISPRA Istituto Superiore per la Protezione e la Ricerca Ambientale, Sistema Nazionale per la Protezione dell&#8217;Ambiente, Regione Lazio e Comune di Roma. Si \u00e8 avvalso inoltre del patrocinio di: SIE Societ\u00e0 Italiana di Ematologia, SIES Societ\u00e0 Italiana di Ematologia Sperimentale, AEOP<br \/>Associazione Italiana di Ematologia e Oncologia Pediatrica, FIL Fondazione Italiana Linfomi, Fondazione GIMEMA Gruppo Italiano Malattie EMatologiche dell&#8217;Adulto Franco Mandelli, e GITMO Gruppo Italiano per il Trapianto di Midollo Osseo, cellule staminali emopoietiche e terapia cellulare.<br \/>L&#8217;incontro si \u00e8 aperto con i saluti istituzionali del Ministro dell&#8217;Ambiente e della Sicurezza Energetica Gilberto Pichetto Fratin e del Ministro della Salute Orazio Schillaci ed \u00e8 stato uno spazio privilegiato di confronto multidisciplinare tra ricercatori nazionali e internazionali impegnati sui temi della salute, del benessere e della cura.<br \/>AlL ha riunito a Roma, anche in quest&#8217;occasione, studiosi, medici, nutrizionisti, psicologi, sociologi dell&#8217;ambiente e volontari da tutta Italia e dall&#8217;estero, per mettere al centro del dibattito un tema essenziale: come gli stili di vita, e in particolare l&#8217;alimentazione e gli appropriati percorsi nutrizionali, possano influenzare il decorso delle patologie onco-ematologiche.<br \/>Il Convegno \u00e8 nato da un&#8217;idea semplice ma potente: la salute non pu\u00f2 essere ridotta esclusivamente a una dimensione clinica. Curare significa prendersi cura delle persone nel loro complesso guardando alla qualit\u00e0 dell&#8217;ambiente in cui vivono, al cibo che mangiano, alle disuguaglianze che affrontano. Nel corso del Convegno sono state anche analizzate le possibili relazioni tra esposizione ambientale, ambiente urbano e rischio oncologico, con particolare attenzione all&#8217;inquinamento ambientale.<br \/>&#8220;Curare significa, prima di tutto, prendersi cura delle persone nella loro interezza &#8211; dichiara Giuseppe Toro, Presidente Nazionale AIL &#8211; La salute non pu\u00f2 essere ridotta esclusivamente a un fatto clinico, ma \u00e8 il risultato di un equilibrio tra corpo, mente e ambiente. Con questo Convegno AlL vuole riaffermare l&#8217;importanza di alimentazione, benessere e stili di vita come pilastri fondamentali della qualit\u00e0 della vita dei pazienti onco-ematologici. E&#8217; essenziale promuovere una cultura della salute che unisca ricerca scientifica, sostenibilit\u00e0 e responsabilit\u00e0 sociale. Solo attraverso la collaborazione tra medici, istituzioni e cittadini possiamo costruire un modello di cura che metta davvero al centro la persona e il suo ambiente di vita.&#8221;<br \/>I numeri parlano chiaro. Secondo i dati GLOBOCAN 2022, la leucemia \u00e8 tra i dieci tumori pi\u00f9 diagnosticati al mondo, e rappresenta una delle principali cause di morte per cancro. In Italia, solo nel 2022, si sono registrati oltre 10.000 nuovi casi di leucemia e pi\u00f9 di 7.000 decessi. A questi si aggiungono quasi 6.300 nuovi casi di mieloma multiplo.<br \/>Tuttavia, c\u00e8 un dato che accende una speranza: circa il 40% dei tumori \u00e8 potenzialmente prevenibile, agendo su fattori di rischio modificabili come alimentazione, fumo, alcol, e sedentariet\u00e0:<br \/>sono queste le leve su cui possiamo intervenire per ridurre l&#8217;incidenza di molte patologie.<br \/>In questo contesto, l&#8217;alimentazione emerge come uno snodo cruciale. Non solo nutrizione, ma elemento cardine della prevenzione. Nonostante ci\u00f2, in Italia oltre sei milioni di persone vivono in povert\u00e0 alimentare e non possono permettersi un pasto proteico ogni due giorni. Una condizione che incide in modo drammatico sulla salute, soprattutto tra le fasce pi\u00f9 fragili della popolazione.<br \/>La qualit\u00e0 del cibo non dipende solo da cosa mangiamo, ma anche da come quel cibo viene prodotto, confezionato, distribuito. I temi affrontati nel corso del Convegno hanno toccato questioni urgenti come l&#8217;uso eccessivo di pesticidi in agricoltura, la presenza di sostanze tossiche nei materiali plastici del packaging e la lentezza con cui l&#8217;Unione Europea si muove verso obiettivi concreti, come la riduzione del 50% dell&#8217;uso di pesticidi entro il 2030.<br \/>Non si pu\u00f2 parlare di prevenzione senza affrontare il tema ambientale. L&#8217;esposizione cronica a polveri sottili, l&#8217;inquinamento urbano, la qualit\u00e0 dell&#8217;aria e dell&#8217;acqua: tutti questi fattori possono influenzare direttamente il nostro stato di salute. In occasione del Convegno Nazionale AIL \u00e8 stato presentato il &#8220;Manifesto per la tutela del diritto universale alla salute e per la costruzione di un sistema sanitario equo, efficiente e centrato sulla persona&#8221;, un documento che mira a individuare i principi fondamentali per garantire a tutti l&#8217;effettivo esercizio del diritto alla salute. La tutela della salute e del benessere richiede infatti un impegno comune, continuativo e fondato su solide evidenze scientifiche, attraverso un&#8217;azione coordinata e condivisa. Con il Convegno 2025 AIL rinnova il proprio impegno a promuovere consapevolezza, costruire conoscenza e favorire scelte responsabili, sia a livello individuale che collettivo.<br \/>La sfida \u00e8 chiara: ridurre il rischio di insorgenza delle malattie onco-ematologiche, migliorare la qualit\u00e0 della vita dei pazienti e sostenere il sistema sanitario, oggi pi\u00f9 che mai sotto pressione.<br \/>AlL intende infine affermare con forza un principio fondamentale: la salute \u00e8 un diritto umano, e deve essere garantita a tutte e tutti, attraverso politiche pubbliche efficaci, educazione, accesso alla nutrizione appropriata, giustizia ambientale e coesione sociale.<br \/>&#8220;Curare \u00e8 prendersi cura&#8221; non \u00e8 solo un titolo. E una visione. E&#8217; l&#8217;impegno concreto e rinnovato di AlL per costruire un futuro in cui la salute non sia un privilegio, ma una possibilit\u00e0 reale per tutti.<br \/>-foto mec\/Italpress &#8211;<br \/>(ITALPRESS).<\/div>\n<div id=\"div-gpt-ad-Messinaoggi.it-DSK-300x250-corpoart\" style=\"text-align:center;margin:0 auto;\"><\/div><\/p><div id=\"videoincontent\" style=\"clear:both\";><\/div>","protected":false},"excerpt":{"rendered":"<p>ROMA (ITALPRESS) &#8211; Si \u00e8 svolta a Roma, presso il Centro Congressi Roma Eventi &#8211; Fontana di Trevi (Piazza della Pilotta,4), la quinta edizione del Convegno Nazionale promosso dall&#8217;Associazione Italiana contro Leucemie, linfomi e mieloma, dal titolo: &#8220;Curare \u00e8 prendersi cura. Alimentazione, Benessere e Stili di Vita: l&#8217;impegno di AIL&#8221;. L&#8217;incontro \u00e8 stato un importante [&hellip;]<\/p>\n","protected":false},"author":18,"featured_media":253491,"comment_status":"closed","ping_status":"closed","sticky":false,"template":"","format":"standard","meta":{"ub_ctt_via":"","_mi_skip_tracking":false},"categories":[446],"tags":[783],"featured_image_src":"https:\/\/www.messinaoggi.it\/website\/wp-content\/uploads\/2025\/10\/20251030_2028.jpg","author_info":{"display_name":"Admin","author_link":"https:\/\/www.messinaoggi.it\/website\/author\/admin\/"},"digistream_id":0,"digistream":false,"_links":{"self":[{"href":"https:\/\/www.messinaoggi.it\/website\/wp-json\/wp\/v2\/posts\/253490"}],"collection":[{"href":"https:\/\/www.messinaoggi.it\/website\/wp-json\/wp\/v2\/posts"}],"about":[{"href":"https:\/\/www.messinaoggi.it\/website\/wp-json\/wp\/v2\/types\/post"}],"author":[{"embeddable":true,"href":"https:\/\/www.messinaoggi.it\/website\/wp-json\/wp\/v2\/users\/18"}],"replies":[{"embeddable":true,"href":"https:\/\/www.messinaoggi.it\/website\/wp-json\/wp\/v2\/comments?post=253490"}],"version-history":[{"count":0,"href":"https:\/\/www.messinaoggi.it\/website\/wp-json\/wp\/v2\/posts\/253490\/revisions"}],"wp:featuredmedia":[{"embeddable":true,"href":"https:\/\/www.messinaoggi.it\/website\/wp-json\/wp\/v2\/media\/253491"}],"wp:attachment":[{"href":"https:\/\/www.messinaoggi.it\/website\/wp-json\/wp\/v2\/media?parent=253490"}],"wp:term":[{"taxonomy":"category","embeddable":true,"href":"https:\/\/www.messinaoggi.it\/website\/wp-json\/wp\/v2\/categories?post=253490"},{"taxonomy":"post_tag","embeddable":true,"href":"https:\/\/www.messinaoggi.it\/website\/wp-json\/wp\/v2\/tags?post=253490"}],"curies":[{"name":"wp","href":"https:\/\/api.w.org\/{rel}","templated":true}]}}