{"id":253486,"date":"2025-10-30T18:06:45","date_gmt":"2025-10-30T17:06:45","guid":{"rendered":"https:\/\/www.messinaoggi.it\/website\/2025\/10\/30\/torna-il-festival-dellenergia-a-lecce-dal-28-al-30-maggio\/"},"modified":"2025-10-30T18:06:45","modified_gmt":"2025-10-30T17:06:45","slug":"torna-il-festival-dellenergia-a-lecce-dal-28-al-30-maggio","status":"publish","type":"post","link":"https:\/\/www.messinaoggi.it\/website\/2025\/10\/30\/torna-il-festival-dellenergia-a-lecce-dal-28-al-30-maggio\/","title":{"rendered":"Torna il Festival dell\u2019Energia a Lecce dal 28 al 30 maggio"},"content":{"rendered":"<div>MILANO (ITALPRESS) &#8211; Giunto alla sua 14^ edizione, torna a Lecce dal 28 al 30 maggio 2026 il Festival dell&#8217;Energia, l&#8217;evento fondato e diretto da Alessandro Beulcke e quest&#8217;anno organizzato e promosso da UTOPIA, societ\u00e0 leader in Italia in public affairs e corporate communication.<br \/>La manifestazione, intitolata quest&#8217;anno &#8220;Energia e libert\u00e0: l&#8217;Europa alla prova del futuro&#8221; riunisce protagonisti dell&#8217;economia, della ricerca e delle istituzioni sui temi del futuro energetico. Per tre giorni la citt\u00e0 pugliese diventer\u00e0 il centro del dibattito su transizione, clima, innovazione e politiche industriali, con un programma diffuso tra incontri, talk, convegni, mostre e appuntamenti culturali.<br \/>Dopo il successo della scorsa edizione &#8211; che ha registrato oltre 3.000 presenze e oltre 2 milioni di visualizzazioni digitali e social &#8211; il Festival 2026 punta a raddoppiare il numero di eventi e incontri, consolidandosi come piattaforma aperta, informata e inclusiva di confronto pubblico.<br \/>Alessandro Beulcke, fondatore e direttore del Festival: \u00abL&#8217;energia \u00e8 oggi pi\u00f9 che mai una questione cruciale: riguarda la vita quotidiana, l&#8217;economia, l&#8217;ambiente e la geopolitica. Il nostro compito \u00e8 alimentare un dibattito laico, aperto e inclusivo, dove istituzioni, imprese, scienza e opinione pubblica si incontrano e si misurano. Dopo il successo del 2025, l&#8217;edizione 2026 cresce in dimensione e impatto, proseguendo il percorso di internazionalizzazione che render\u00e0 il Festival un punto di riferimento per il mondo dell&#8217;energia&#8221;.<br \/>Novit\u00e0 2026 sar\u00e0 la collaborazione con la Fondazione IFAB &#8211; International Foundation Big Data and Artificial Intelligence for Human Development, che porter\u00e0 nella citt\u00e0 salentina un focus dedicato all&#8217;impatto dell&#8217;intelligenza artificiale sui sistemi energetici e sulla societ\u00e0, ampliando lo sguardo del Festival ai temi pi\u00f9 innovativi e d&#8217;attualit\u00e0.<br \/>A partire da gennaio prender\u00e0 il via il percorso di avvicinamento &#8220;Road to Festival&#8221;: appuntamenti riservati a istituzioni, imprese e opinion leader che anticiperanno i contenuti del Festival e ne prepareranno il dibattito. Gli incontri si terranno a Bruxelles (gennaio), Milano (febbraio) e Roma (marzo), dando vita a un laboratorio di policy e confronto multilivello.<br \/>Il Festival dell&#8217;Energia 2026 conferma, inoltre, la sua vocazione europea: sono in via di definizione le presenze di rappresentanti della Commissione e del Parlamento europeo, che porteranno la prospettiva dell&#8217;Unione su energia, clima e sviluppo sostenibile. Una partecipazione che rafforza la dimensione internazionale dell&#8217;evento e favorisce il dialogo diretto tra istituzioni europee, imprese e cittadini italiani.<br \/>Raffaele Fitto, Vicepresidente della Commissione europea con delega alla Coesione e alle Riforme: \u00abIl Festival dell&#8217;Energia \u00e8 da molti anni un importante punto di riferimento per il dibattito nazionale nel settore, e lo potr\u00e0 divenire anche per il dialogo tra l&#8217;Europa, le istituzioni nazionali, le imprese e i cittadini. In un tempo in cui la transizione energetica \u00e8 al centro delle politiche comunitarie, \u00e8 fondamentale che la voce dell&#8217;Unione arrivi direttamente nei territori. Coesione e riforme non sono concetti astratti, ma strumenti concreti per accompagnare ogni comunit\u00e0 &#8211; dalle grandi aree metropolitane ai piccoli centri &#8211; verso un futuro sostenibile. Lecce sar\u00e0 l&#8217;occasione per dare spazio alla visione europea, le scelte gi\u00e0 intraprese e le priorit\u00e0 che guideranno i prossimi anni, convinti che il confronto aperto con la societ\u00e0 civile sia la condizione necessaria per rendere la transizione giusta e condivisa.\u00bb<br \/>URANIA TV, il primo canale televisivo italiano dedicato alle istituzioni e alle imprese (visibile sul 260 del digitale terrestre e sulle piattaforme Samsung TV Plus, Rakuten TV e LG Channels), sar\u00e0 media partner ufficiale dell&#8217;evento.<br \/>Attraverso dirette quotidiane, approfondimenti e spazi di confronto, il canale racconter\u00e0 le tre giornate di Lecce, contribuendo a valorizzare il dialogo tra istituzioni, imprese e cittadini sui temi della transizione energetica.<br \/>&#8220;Il Festival dell&#8217;Energia &#8211; ha sottolineato Giampiero Zurlo, editore di URANIA e Presidente del Gruppo UTOPIA &#8211; \u00e8 una sfida culturale, istituzionale e strategica che abbiamo scelto di abbracciare per dare al progetto respiro internazionale e ulteriore visibilit\u00e0 mediatica. Siamo orgogliosi di poter offrire a questa manifestazione la nostra piattaforma multimediale specializzata nel dialogo fra imprese e istituzioni. Il Festival dell&#8217;Energia \u00e8 infatti il luogo dove l&#8217;Italia incontra l&#8217;Europa e le imprese si confrontano con cittadini e istituzioni per discutere di un tema cruciale per il futuro di tutti&#8221;.<br \/>A contribuire allo spessore scientifico e all&#8217;autorevolezza istituzionale che da anni contraddistinguono la kermesse sono i tre comitati di garanzia e indirizzo: un Comitato d&#8217;Onore, presieduto da Chicco Testa, che riunisce personalit\u00e0 del mondo istituzionale, accademico e industriale, un Comitato Scientifico, composto da esperti ed esponenti del settore energetico e ambientale; e un Comitato Territoriale permanente, promosso da Confindustria Lecce, che coinvolge istituzioni, universit\u00e0 e associazioni del territorio.<br \/>&#8220;Il Festival dell&#8217;Energia &#8211; ha dichiarato Chicco Testa, Presidente del Comitato d&#8217;Onore &#8211; \u00e8 ormai il principale luogo di confronto in Italia sui temi dell&#8217;energia. La nuova edizione ne consolida il ruolo, offrendo al Paese un momento di riflessione libera e di alta qualit\u00e0 sul cambiamento in atto&#8221;.<br \/>-foto ufficio stampa Festival dell&#8217;Energia &#8211;<br \/>(ITALPRESS).<\/div>\n<div id=\"div-gpt-ad-Messinaoggi.it-DSK-300x250-corpoart\" style=\"text-align:center;margin:0 auto;\"><\/div><\/p><div id=\"videoincontent\" style=\"clear:both\";><\/div>","protected":false},"excerpt":{"rendered":"<p>MILANO (ITALPRESS) &#8211; Giunto alla sua 14^ edizione, torna a Lecce dal 28 al 30 maggio 2026 il Festival dell&#8217;Energia, l&#8217;evento fondato e diretto da Alessandro Beulcke e quest&#8217;anno organizzato e promosso da UTOPIA, societ\u00e0 leader in Italia in public affairs e corporate communication.La manifestazione, intitolata quest&#8217;anno &#8220;Energia e libert\u00e0: l&#8217;Europa alla prova del futuro&#8221; [&hellip;]<\/p>\n","protected":false},"author":18,"featured_media":253487,"comment_status":"closed","ping_status":"closed","sticky":false,"template":"","format":"standard","meta":{"ub_ctt_via":"","_mi_skip_tracking":false},"categories":[446],"tags":[783],"featured_image_src":"https:\/\/www.messinaoggi.it\/website\/wp-content\/uploads\/2025\/10\/20251030_1014.jpg","author_info":{"display_name":"Admin","author_link":"https:\/\/www.messinaoggi.it\/website\/author\/admin\/"},"digistream_id":0,"digistream":false,"_links":{"self":[{"href":"https:\/\/www.messinaoggi.it\/website\/wp-json\/wp\/v2\/posts\/253486"}],"collection":[{"href":"https:\/\/www.messinaoggi.it\/website\/wp-json\/wp\/v2\/posts"}],"about":[{"href":"https:\/\/www.messinaoggi.it\/website\/wp-json\/wp\/v2\/types\/post"}],"author":[{"embeddable":true,"href":"https:\/\/www.messinaoggi.it\/website\/wp-json\/wp\/v2\/users\/18"}],"replies":[{"embeddable":true,"href":"https:\/\/www.messinaoggi.it\/website\/wp-json\/wp\/v2\/comments?post=253486"}],"version-history":[{"count":0,"href":"https:\/\/www.messinaoggi.it\/website\/wp-json\/wp\/v2\/posts\/253486\/revisions"}],"wp:featuredmedia":[{"embeddable":true,"href":"https:\/\/www.messinaoggi.it\/website\/wp-json\/wp\/v2\/media\/253487"}],"wp:attachment":[{"href":"https:\/\/www.messinaoggi.it\/website\/wp-json\/wp\/v2\/media?parent=253486"}],"wp:term":[{"taxonomy":"category","embeddable":true,"href":"https:\/\/www.messinaoggi.it\/website\/wp-json\/wp\/v2\/categories?post=253486"},{"taxonomy":"post_tag","embeddable":true,"href":"https:\/\/www.messinaoggi.it\/website\/wp-json\/wp\/v2\/tags?post=253486"}],"curies":[{"name":"wp","href":"https:\/\/api.w.org\/{rel}","templated":true}]}}