{"id":253478,"date":"2025-10-30T17:51:16","date_gmt":"2025-10-30T16:51:16","guid":{"rendered":"http:\/\/www.messinaoggi.it\/website\/?p=253478"},"modified":"2025-10-30T17:51:36","modified_gmt":"2025-10-30T16:51:36","slug":"%f0%9d%97%a0%f0%9d%97%94-%f0%9d%97%97%f0%9d%97%94%f0%9d%97%a9%f0%9d%97%a9%f0%9d%97%98%f0%9d%97%a5%f0%9d%97%a2-%f0%9d%97%96%f0%9d%97%9c-%f0%9d%97%a6%f0%9d%97%94%f0%9d%97%a5%f0%9d%97%94%f0%9d%97%a1","status":"publish","type":"post","link":"https:\/\/www.messinaoggi.it\/website\/2025\/10\/30\/%f0%9d%97%a0%f0%9d%97%94-%f0%9d%97%97%f0%9d%97%94%f0%9d%97%a9%f0%9d%97%a9%f0%9d%97%98%f0%9d%97%a5%f0%9d%97%a2-%f0%9d%97%96%f0%9d%97%9c-%f0%9d%97%a6%f0%9d%97%94%f0%9d%97%a5%f0%9d%97%94%f0%9d%97%a1\/","title":{"rendered":"\ud835\udde0\ud835\uddd4 \ud835\uddd7\ud835\uddd4\ud835\udde9\ud835\udde9\ud835\uddd8\ud835\udde5\ud835\udde2 \ud835\uddd6\ud835\udddc \ud835\udde6\ud835\uddd4\ud835\udde5\ud835\uddd4\ud835\udde1\ud835\udde1\ud835\udde2 \ud835\udde4\ud835\udde8\ud835\uddd8\ud835\udde6\ud835\udde7\ud835\udddc \ud835\udde5\ud835\udddc\ud835\uddd6\ud835\udde2\ud835\udde5\ud835\udde6\ud835\udddc?"},"content":{"rendered":"\n<p>Non vogliamo dire che gli avvocati siano pi\u00f9 intelligenti dei magistrati, ma abbiamo il sospetto che una volta che il governo avr\u00e0 risposto alle pretestuose eccezioni della Corte dei Conti, che ha fatto un <em>potpurri<\/em> di tutte eccezioni sentite per <em>vox populi<\/em> negli ultimi due anni* e che verranno pubblicate speriamo prima dei 30 giorni di limite, glia avvocati non riterranno opportuno fare ricorsi che poi andranno ad essere persi, ma per motivi legali. Ma spieghiamoci meglio.<br><br>La geniale <strong>Carmela Mirabella<\/strong> (<em>nomen omen<\/em>), e questo spiace dirlo accade quando si \u00e8 contaminati dal tifo di natura politica, tira fuori cose assurde tipo che il CIPESS non ha valore legale (e la nostra quarta locuzione latina \u00e8 <strong><em>superior stabat lupus<\/em><\/strong>, qui la favoletta di Fedro calza a pennello), per poi proseguire con *tutta la serie di luoghi comuni con i quali si combattiamo da due anni, dal franco navigabile alla faglia di Cannitello, ai famosi 3,9 miliardi dell\u2019appalto 2005 che superano l\u2019aumento del 50% della norma europea, ma che capirebbe pure un bambino che \u00e8 dovuto all\u2019aumento prezzi, evidentemente loro hanno come consulente Bonelli e potremmo andare avanti aggiungendo la barzelletta dell\u2019abbassamento del pedaggio che peraltro non pu\u00f2 mai incidere nei costi dell\u2019opera, ma semmai della gestione.<br><br>In una parola, <strong>semplice impreparazione<\/strong> e spiace che ci\u00f2 avvenga per un organo cos\u00ec importante, mettere magari due avvocati e due ingegneri l\u00e0 in mezzo come consulenti non sarebbe male. Restate comunque sintonizzati.<br><br>PS la foto che abbiamo scelto si riferisce a un convegno del 2022 tenutosi a Torino per i 160 anni della corte dei conti dal sito ufficiale della corte dei conti (potete leggere la didascalia in basso a sinistra).<br><br>#CortedeiConti #PontesulloStrettodiMessina #IngGiuseppePalamara<div id=\"div-gpt-ad-Messinaoggi.it-DSK-300x250-corpoart\" style=\"text-align:center;margin:0 auto;\"><\/div><\/p>\n\n\n\n<div class=\"wp-block-image\"><figure class=\"aligncenter size-large\"><img loading=\"lazy\" width=\"902\" height=\"353\" src=\"https:\/\/www.messinaoggi.it\/website\/wp-content\/uploads\/2025\/10\/Sottotitolo-16.png\" alt=\"\" class=\"wp-image-253480\" srcset=\"https:\/\/www.messinaoggi.it\/website\/wp-content\/uploads\/2025\/10\/Sottotitolo-16.png 902w, https:\/\/www.messinaoggi.it\/website\/wp-content\/uploads\/2025\/10\/Sottotitolo-16-300x117.png 300w, https:\/\/www.messinaoggi.it\/website\/wp-content\/uploads\/2025\/10\/Sottotitolo-16-768x301.png 768w\" sizes=\"(max-width: 902px) 100vw, 902px\" \/><\/figure><\/div>\n\n\n\n<p><strong>Articoli precedenti<\/strong><div id=\"videoincontent\" style=\"clear:both\";><\/div><\/p>\n\n\n\n<ol><li><a href=\"http:\/\/www.messinaoggi.it\/website\/2025\/06\/28\/ecco-come-potrebbe-essere-la-nuova-stazione-messina-ponte\/\">Ecco come potrebbe essere la nuova stazione Messina Ponte<\/a> (28\/06\/25)<\/li><li><a href=\"http:\/\/www.messinaoggi.it\/website\/2025\/07\/05\/ponte-lesproprio-per-pubblica-utilita-una-scelta-difficile-ma-necessaria-per-il-bene-comune\/\">Ponte. L\u2019esproprio per pubblica utilit\u00e0: una scelta difficile ma necessaria per il bene comune<\/a> (05\/07\/25)<\/li><li><a href=\"http:\/\/www.messinaoggi.it\/website\/2025\/07\/14\/una-pista-ciclabile-sul-ponte-sullo-stretto-di-messina\/\">Una pista ciclabile sul Ponte sullo Stretto di Messina<\/a> (14\/07\/25)<\/li><li><a href=\"http:\/\/www.messinaoggi.it\/website\/2025\/07\/18\/la-stazione-di-messina-ponte-sara-a-gazzi\/\">La stazione di Messina Ponte sar\u00e0 a Gazzi?<\/a> (18\/07\/25)<\/li><li><a href=\"http:\/\/www.messinaoggi.it\/website\/2025\/07\/26\/pubblicate-laltro-ieri-sul-sito-del-mase-le-324-tavole-del-progetto-del-collegamento-ferroviario-del-ponte\/\">ubblicate sul sito del MASE le 324 tavole del progetto del collegamento ferroviario del Ponte<\/a> (26\/07\/25)<\/li><li><a href=\"https:\/\/www.messinaoggi.it\/website\/2025\/08\/05\/salvini-domani-6-agosto-alle-19-al-grecale-a-messina-coincidenza-con-lapprovazione-del-cipess-avvenuta-alle-1230\/\">Salvini domani 6 agosto alle 19 al Grecale a Messina, coincidenza con l\u2019approvazione del cipess avvenuta alle 12:30<\/a> (05\/08\/25)<\/li><li><a href=\"https:\/\/www.messinaoggi.it\/website\/2025\/08\/06\/via-libera-del-cipess-al-progetto-definitivo-del-ponte-sullo-stretto\/\">Via libera del CIPESS al progetto definitivo del Ponte sullo Stretto<\/a> (06\/08\/25)<\/li><li><a href=\"https:\/\/www.messinaoggi.it\/website\/2025\/08\/11\/fallimento-totale-la-manifestazione-delle-feluche-no-ponte\/\">FALLIMENTO TOTALE LA MANIFESTAZIONE DELLE FELUCHE NO PONTE<\/a> (11\/08\/25)<\/li><li><a href=\"https:\/\/www.messinaoggi.it\/website\/2025\/09\/07\/bozza-di-rendering-di-come-potrebbe-essere-lo-snodo-contesse-dopo-la-demolizione-di-palazzi-gia-prevista-dal-pd2011\/\">BOZZA DI RENDERING DI COME POTREBBE ESSERE LO SNODO CONTESSE DOPO LA DEMOLIZIONE DI PALAZZI GI\u00c0 PREVISTA DAL PD2011<\/a> (07\/09\/25)<\/li><li><a href=\"https:\/\/www.messinaoggi.it\/website\/2025\/09\/12\/cronoprogramma-attivita-anticipate-a-partire-dal-20-10-25-tavola-ger0327-del-20-04-24-aggiornata\/\">CRONOPROGRAMMA ATTIVIT\u00c0 ANTICIPATE A PARTIRE DAL 20\/10\/25 (tavola GER0327 del 20\/04\/24 aggiornata)<\/a> (12\/09\/2025)<\/li><li><a href=\"https:\/\/www.messinaoggi.it\/website\/2025\/09\/13\/cronoprogramma-dei-lavori-del-ponte-sullo-stretto-aggiornato\/\">CRONOPROGRAMMA DEI LAVORI DEL PONTE SULLO STRETTO AGGIORNATO<\/a> (13\/09\/2025)<\/li><li><a href=\"https:\/\/www.messinaoggi.it\/website\/2025\/09\/23\/facciamo-chiarezza-sulla-costruzione-dello-shiziyang-bridge\/\">FACCIAMO CHIAREZZA SULLA COSTRUZIONE DELLO SHIZIYANG BRIDGE<\/a> (23\/09\/2025) <\/li><li><a href=\"https:\/\/www.messinaoggi.it\/website\/2025\/09\/28\/il-messina-type-deck-da-oggi-ha-una-pagina-wikipedia\/\">Il Messina Type Deck da oggi ha una pagina Wikipedia<\/a> (28\/09\/2025)<\/li><li><a href=\"https:\/\/www.messinaoggi.it\/website\/2025\/10\/02\/lo-huajiang-grand-canyon-bridge-svelato\/\">LO HUAJIANG GRAND CANYON BRIDGE SVELATO<\/a> (02\/10\/2025)<\/li><li><a href=\"https:\/\/www.messinaoggi.it\/website\/2025\/10\/12\/da-cittadini-un-po-delusi-dal-nostro-sindaco-che-al-ttg-di-rimini-non-ha-parlato-di-ponte\/\">Da cittadini un po\u2019 delusi dal nostro Sindaco che al TTG di Rimini non ha parlato di Ponte<\/a> (12\/10\/2025)<\/li><\/ol>\n","protected":false},"excerpt":{"rendered":"<p>Non vogliamo dire che gli avvocati siano pi\u00f9 intelligenti dei magistrati, ma abbiamo il sospetto che una volta che il governo avr\u00e0 risposto alle pretestuose eccezioni della Corte dei Conti, che ha fatto un potpurri di tutte eccezioni sentite per vox populi negli ultimi due anni* e che verranno pubblicate speriamo prima dei 30 giorni [&hellip;]<\/p>\n","protected":false},"author":123458,"featured_media":253479,"comment_status":"open","ping_status":"open","sticky":false,"template":"","format":"standard","meta":{"ub_ctt_via":"","_mi_skip_tracking":false},"categories":[19,7567],"tags":[11743,165,7298],"featured_image_src":"https:\/\/www.messinaoggi.it\/website\/wp-content\/uploads\/2025\/10\/Convegno-160-anni-CdC-Torino-2022.jpg","author_info":{"display_name":"Giuseppe Palamara","author_link":"https:\/\/www.messinaoggi.it\/website\/author\/gipal\/"},"digistream_id":0,"digistream":false,"_links":{"self":[{"href":"https:\/\/www.messinaoggi.it\/website\/wp-json\/wp\/v2\/posts\/253478"}],"collection":[{"href":"https:\/\/www.messinaoggi.it\/website\/wp-json\/wp\/v2\/posts"}],"about":[{"href":"https:\/\/www.messinaoggi.it\/website\/wp-json\/wp\/v2\/types\/post"}],"author":[{"embeddable":true,"href":"https:\/\/www.messinaoggi.it\/website\/wp-json\/wp\/v2\/users\/123458"}],"replies":[{"embeddable":true,"href":"https:\/\/www.messinaoggi.it\/website\/wp-json\/wp\/v2\/comments?post=253478"}],"version-history":[{"count":1,"href":"https:\/\/www.messinaoggi.it\/website\/wp-json\/wp\/v2\/posts\/253478\/revisions"}],"predecessor-version":[{"id":253481,"href":"https:\/\/www.messinaoggi.it\/website\/wp-json\/wp\/v2\/posts\/253478\/revisions\/253481"}],"wp:featuredmedia":[{"embeddable":true,"href":"https:\/\/www.messinaoggi.it\/website\/wp-json\/wp\/v2\/media\/253479"}],"wp:attachment":[{"href":"https:\/\/www.messinaoggi.it\/website\/wp-json\/wp\/v2\/media?parent=253478"}],"wp:term":[{"taxonomy":"category","embeddable":true,"href":"https:\/\/www.messinaoggi.it\/website\/wp-json\/wp\/v2\/categories?post=253478"},{"taxonomy":"post_tag","embeddable":true,"href":"https:\/\/www.messinaoggi.it\/website\/wp-json\/wp\/v2\/tags?post=253478"}],"curies":[{"name":"wp","href":"https:\/\/api.w.org\/{rel}","templated":true}]}}