{"id":253473,"date":"2025-10-30T15:06:45","date_gmt":"2025-10-30T14:06:45","guid":{"rendered":"https:\/\/www.messinaoggi.it\/website\/2025\/10\/30\/giustizia-meloni-riforma-passo-importante-per-efficienza-ed-equilibrio\/"},"modified":"2025-10-30T15:06:45","modified_gmt":"2025-10-30T14:06:45","slug":"giustizia-meloni-riforma-passo-importante-per-efficienza-ed-equilibrio","status":"publish","type":"post","link":"https:\/\/www.messinaoggi.it\/website\/2025\/10\/30\/giustizia-meloni-riforma-passo-importante-per-efficienza-ed-equilibrio\/","title":{"rendered":"Giustizia, Meloni \u201cRiforma passo importante per efficienza ed equilibrio\u201d"},"content":{"rendered":"<div>ROMA (ITALPRESS) &#8211; &#8220;Oggi, con l&#8217;approvazione in quarta e ultima lettura della riforma costituzionale della giustizia, compiamo un passo importante verso un sistema pi\u00f9 efficiente, equilibrato e vicino ai cittadini. Un traguardo storico e un impegno concreto mantenuto a favore degli italiani&#8221;. Cos\u00ec sui social la presidente del Consiglio, Giorgia Meloni, dopo il via libera definitivo del Senato alla separazione delle carriere. &#8220;Governo e Parlamento hanno fatto la loro parte, lavorando con seriet\u00e0 e visione. Ora la parola passer\u00e0 ai cittadini, che saranno chiamati ad esprimersi attraverso il referendum confermativo. L&#8217;Italia prosegue il suo cammino di rinnovamento, per il bene della Nazione e dei suoi cittadini. Perch\u00e8 un&#8217;Italia pi\u00f9 giusta \u00e8 anche un&#8217;Italia pi\u00f9 forte&#8221;, conclude Meloni.<div id=\"div-gpt-ad-Messinaoggi.it-DSK-300x250-corpoart\" style=\"text-align:center;margin:0 auto;\"><\/div><\/p>\n<p>&#8211; Foto IPA Agency &#8211;<div id=\"videoincontent\" style=\"clear:both\";><\/div><\/p>\n<p>(ITALPRESS).<\/p><\/div>\n","protected":false},"excerpt":{"rendered":"<p>ROMA (ITALPRESS) &#8211; &#8220;Oggi, con l&#8217;approvazione in quarta e ultima lettura della riforma costituzionale della giustizia, compiamo un passo importante verso un sistema pi\u00f9 efficiente, equilibrato e vicino ai cittadini. Un traguardo storico e un impegno concreto mantenuto a favore degli italiani&#8221;. Cos\u00ec sui social la presidente del Consiglio, Giorgia Meloni, dopo il via libera [&hellip;]<\/p>\n","protected":false},"author":18,"featured_media":253474,"comment_status":"closed","ping_status":"closed","sticky":false,"template":"","format":"standard","meta":{"ub_ctt_via":"","_mi_skip_tracking":false},"categories":[446],"tags":[783],"featured_image_src":"https:\/\/www.messinaoggi.it\/website\/wp-content\/uploads\/2025\/10\/20251030_0790.jpg","author_info":{"display_name":"Admin","author_link":"https:\/\/www.messinaoggi.it\/website\/author\/admin\/"},"digistream_id":0,"digistream":false,"_links":{"self":[{"href":"https:\/\/www.messinaoggi.it\/website\/wp-json\/wp\/v2\/posts\/253473"}],"collection":[{"href":"https:\/\/www.messinaoggi.it\/website\/wp-json\/wp\/v2\/posts"}],"about":[{"href":"https:\/\/www.messinaoggi.it\/website\/wp-json\/wp\/v2\/types\/post"}],"author":[{"embeddable":true,"href":"https:\/\/www.messinaoggi.it\/website\/wp-json\/wp\/v2\/users\/18"}],"replies":[{"embeddable":true,"href":"https:\/\/www.messinaoggi.it\/website\/wp-json\/wp\/v2\/comments?post=253473"}],"version-history":[{"count":0,"href":"https:\/\/www.messinaoggi.it\/website\/wp-json\/wp\/v2\/posts\/253473\/revisions"}],"wp:featuredmedia":[{"embeddable":true,"href":"https:\/\/www.messinaoggi.it\/website\/wp-json\/wp\/v2\/media\/253474"}],"wp:attachment":[{"href":"https:\/\/www.messinaoggi.it\/website\/wp-json\/wp\/v2\/media?parent=253473"}],"wp:term":[{"taxonomy":"category","embeddable":true,"href":"https:\/\/www.messinaoggi.it\/website\/wp-json\/wp\/v2\/categories?post=253473"},{"taxonomy":"post_tag","embeddable":true,"href":"https:\/\/www.messinaoggi.it\/website\/wp-json\/wp\/v2\/tags?post=253473"}],"curies":[{"name":"wp","href":"https:\/\/api.w.org\/{rel}","templated":true}]}}