{"id":253467,"date":"2025-10-30T15:06:39","date_gmt":"2025-10-30T14:06:39","guid":{"rendered":"https:\/\/www.messinaoggi.it\/website\/2025\/10\/30\/de-molli-sicilia-prima-per-tasso-di-crescita-pil-e-occupati-dal-2019\/"},"modified":"2025-10-30T15:06:39","modified_gmt":"2025-10-30T14:06:39","slug":"de-molli-sicilia-prima-per-tasso-di-crescita-pil-e-occupati-dal-2019","status":"publish","type":"post","link":"https:\/\/www.messinaoggi.it\/website\/2025\/10\/30\/de-molli-sicilia-prima-per-tasso-di-crescita-pil-e-occupati-dal-2019\/","title":{"rendered":"De Molli \u201cSicilia prima per tasso di crescita Pil e occupati dal 2019\u201d"},"content":{"rendered":"<div>PALERMO (ITALPRESS) &#8211; &#8220;Sono molto soddisfatto di questa terza edizione, che produce pensiero, contenuti, fatti e dati di studio e riflessione per indirizzare le scelte industriali della Regione&#8221;. Cos\u00ec il Ceo di Teha Group e The European House &#8211; Ambrosetti Valerio De Molli a margine di Act Tank 2025, tenutosi a Palazzo Branciforte a Palermo. <br \/>&#8220;Sono tante le osservazioni positive, ad esempio siamo la prima regione italiana per tasso di crescita del Pil dal 2019 ad oggi, la quarta per investimenti fissi lordi e tasso di crescita degli investimenti, la prima per tasso di crescita degli occupati &#8211; continua De Molli, &#8211; E&#8217; vero che il valore assoluto del tasso \u00e8 tra i peggiori in Italia, ma la dinamica \u00e8 la prima tra le regioni: l&#8217;apporto di crescita del valore aggiunto dal 2019 ad oggi \u00e8 di +20 miliardi, che \u00e8 la sommatoria del Pil di altre tre regioni insieme, ovvero Valle D&#8217;Aosta, Molise e Basilicata&#8221;. <br \/>Foto Italpress<br \/>(ITALPRESS).<\/div>\n<div id=\"div-gpt-ad-Messinaoggi.it-DSK-300x250-corpoart\" style=\"text-align:center;margin:0 auto;\"><\/div><\/p><div id=\"videoincontent\" style=\"clear:both\";><\/div>","protected":false},"excerpt":{"rendered":"<p>PALERMO (ITALPRESS) &#8211; &#8220;Sono molto soddisfatto di questa terza edizione, che produce pensiero, contenuti, fatti e dati di studio e riflessione per indirizzare le scelte industriali della Regione&#8221;. Cos\u00ec il Ceo di Teha Group e The European House &#8211; Ambrosetti Valerio De Molli a margine di Act Tank 2025, tenutosi a Palazzo Branciforte a Palermo. [&hellip;]<\/p>\n","protected":false},"author":18,"featured_media":253468,"comment_status":"closed","ping_status":"closed","sticky":false,"template":"","format":"standard","meta":{"ub_ctt_via":"","_mi_skip_tracking":false},"categories":[446],"tags":[783],"featured_image_src":"https:\/\/www.messinaoggi.it\/website\/wp-content\/uploads\/2025\/10\/20251030_0670.jpg","author_info":{"display_name":"Admin","author_link":"https:\/\/www.messinaoggi.it\/website\/author\/admin\/"},"digistream_id":0,"digistream":false,"_links":{"self":[{"href":"https:\/\/www.messinaoggi.it\/website\/wp-json\/wp\/v2\/posts\/253467"}],"collection":[{"href":"https:\/\/www.messinaoggi.it\/website\/wp-json\/wp\/v2\/posts"}],"about":[{"href":"https:\/\/www.messinaoggi.it\/website\/wp-json\/wp\/v2\/types\/post"}],"author":[{"embeddable":true,"href":"https:\/\/www.messinaoggi.it\/website\/wp-json\/wp\/v2\/users\/18"}],"replies":[{"embeddable":true,"href":"https:\/\/www.messinaoggi.it\/website\/wp-json\/wp\/v2\/comments?post=253467"}],"version-history":[{"count":0,"href":"https:\/\/www.messinaoggi.it\/website\/wp-json\/wp\/v2\/posts\/253467\/revisions"}],"wp:featuredmedia":[{"embeddable":true,"href":"https:\/\/www.messinaoggi.it\/website\/wp-json\/wp\/v2\/media\/253468"}],"wp:attachment":[{"href":"https:\/\/www.messinaoggi.it\/website\/wp-json\/wp\/v2\/media?parent=253467"}],"wp:term":[{"taxonomy":"category","embeddable":true,"href":"https:\/\/www.messinaoggi.it\/website\/wp-json\/wp\/v2\/categories?post=253467"},{"taxonomy":"post_tag","embeddable":true,"href":"https:\/\/www.messinaoggi.it\/website\/wp-json\/wp\/v2\/tags?post=253467"}],"curies":[{"name":"wp","href":"https:\/\/api.w.org\/{rel}","templated":true}]}}