{"id":253432,"date":"2025-10-30T10:48:06","date_gmt":"2025-10-30T09:48:06","guid":{"rendered":"http:\/\/www.messinaoggi.it\/website\/?p=253432"},"modified":"2025-10-30T12:29:46","modified_gmt":"2025-10-30T11:29:46","slug":"vertenza-cargill-pd-siciliano-contro-lazienda-dimostrano-arroganza","status":"publish","type":"post","link":"https:\/\/www.messinaoggi.it\/website\/2025\/10\/30\/vertenza-cargill-pd-siciliano-contro-lazienda-dimostrano-arroganza\/","title":{"rendered":"Vertenza Cargill, PD siciliano contro l&#8217;azienda: &#8220;Dimostrano arroganza&#8221;"},"content":{"rendered":"\n<p>I deputati PD all&#8217;Ars, <strong>Dario Safina<\/strong> e <strong>Calogero Leanza<\/strong>, e il responsabile regionale al Lavoro PD Sicilia, <strong>Domenico Siracusano<\/strong>, dopo l&#8217;audizione di delegati dell&#8217;azienda Cargill in Commissione Attivit\u00e0 Produttive all&#8217;Ars, sono intervenuti cos\u00ec sulla questione del rischio occupazionale per 49 lavoratori dello stabilimento di Giammoro di cui \u00e8 prevista la chiusura.<div id=\"div-gpt-ad-Messinaoggi.it-DSK-300x250-corpoart\" style=\"text-align:center;margin:0 auto;\"><\/div><\/p>\n\n\n\n<p>\u201cIn Commissione Attivit\u00e0 Produttive dell\u2019ARS \u00e8 andata in scena una vera e propria farsa. I rappresentanti di Cargill con arroganza e protervia non hanno inteso fare un passo avanti rispetto le richieste di sospendere i licenziamenti e accedere alla richiesta di confronto con sindacati e parti sociali\u201d hanno dichiarato i deputati.<div id=\"videoincontent\" style=\"clear:both\";><\/div><\/p>\n\n\n\n<p>&#8220;Il governo regionale sta brillando per una gravissima assenza &#8211; continuano i deputati dem &#8211; l&#8217;assessore Tamajo rispetti l&#8217;impegno di convocare un tavolo con il coinvolgimento del Governo Nazionale altrimenti sar\u00e0 complice del disdicevole atteggiamento dell&#8217;azienda\u201d.&#8221;Continueremo a stare accanto alle lavoratrici e ai lavoratori &#8211; sottolinea Domenico Siracusano, Responsabile al Lavoro PD Sicilia &#8211; di fronte alla tracotanza di una azienda che con un colpo di spugna vuole cancellare 50 posti di lavoro ed un sito industriale strategico\u201d.<\/p>\n","protected":false},"excerpt":{"rendered":"<p>I deputati PD all&#8217;Ars, Dario Safina e Calogero Leanza, e il responsabile regionale al Lavoro PD Sicilia, Domenico Siracusano, dopo l&#8217;audizione di delegati dell&#8217;azienda Cargill in Commissione Attivit\u00e0 Produttive all&#8217;Ars, sono intervenuti cos\u00ec sulla questione del rischio occupazionale per 49 lavoratori dello stabilimento di Giammoro di cui \u00e8 prevista la chiusura. \u201cIn Commissione Attivit\u00e0 Produttive [&hellip;]<\/p>\n","protected":false},"author":15,"featured_media":253438,"comment_status":"open","ping_status":"open","sticky":false,"template":"","format":"standard","meta":{"ub_ctt_via":"","_mi_skip_tracking":false},"categories":[13,14],"tags":[3300,11710,11742,1151,5344],"featured_image_src":"https:\/\/www.messinaoggi.it\/website\/wp-content\/uploads\/2025\/10\/Screenshot_20251030_104656_Chrome.jpg","author_info":{"display_name":"red.me","author_link":"https:\/\/www.messinaoggi.it\/website\/author\/red-me\/"},"digistream_id":0,"digistream":false,"_links":{"self":[{"href":"https:\/\/www.messinaoggi.it\/website\/wp-json\/wp\/v2\/posts\/253432"}],"collection":[{"href":"https:\/\/www.messinaoggi.it\/website\/wp-json\/wp\/v2\/posts"}],"about":[{"href":"https:\/\/www.messinaoggi.it\/website\/wp-json\/wp\/v2\/types\/post"}],"author":[{"embeddable":true,"href":"https:\/\/www.messinaoggi.it\/website\/wp-json\/wp\/v2\/users\/15"}],"replies":[{"embeddable":true,"href":"https:\/\/www.messinaoggi.it\/website\/wp-json\/wp\/v2\/comments?post=253432"}],"version-history":[{"count":5,"href":"https:\/\/www.messinaoggi.it\/website\/wp-json\/wp\/v2\/posts\/253432\/revisions"}],"predecessor-version":[{"id":253437,"href":"https:\/\/www.messinaoggi.it\/website\/wp-json\/wp\/v2\/posts\/253432\/revisions\/253437"}],"wp:featuredmedia":[{"embeddable":true,"href":"https:\/\/www.messinaoggi.it\/website\/wp-json\/wp\/v2\/media\/253438"}],"wp:attachment":[{"href":"https:\/\/www.messinaoggi.it\/website\/wp-json\/wp\/v2\/media?parent=253432"}],"wp:term":[{"taxonomy":"category","embeddable":true,"href":"https:\/\/www.messinaoggi.it\/website\/wp-json\/wp\/v2\/categories?post=253432"},{"taxonomy":"post_tag","embeddable":true,"href":"https:\/\/www.messinaoggi.it\/website\/wp-json\/wp\/v2\/tags?post=253432"}],"curies":[{"name":"wp","href":"https:\/\/api.w.org\/{rel}","templated":true}]}}