{"id":253428,"date":"2025-10-30T10:28:50","date_gmt":"2025-10-30T09:28:50","guid":{"rendered":"http:\/\/www.messinaoggi.it\/website\/?p=253428"},"modified":"2025-10-30T10:29:07","modified_gmt":"2025-10-30T09:29:07","slug":"commemorazione-defunti-la-viabilita-nelle-zone-cimiteriali","status":"publish","type":"post","link":"https:\/\/www.messinaoggi.it\/website\/2025\/10\/30\/commemorazione-defunti-la-viabilita-nelle-zone-cimiteriali\/","title":{"rendered":"Commemorazione defunti, la viabilit\u00e0 nelle zone cimiteriali"},"content":{"rendered":"\n<p>In occasione della Commemorazione dei defunti per le giornate di oggi, gioved\u00ec 30 ottobre, domani, venerd\u00ec 31 ottobre, sabato 1 novembre e domenica 2 novembre, sono previsti provvedimenti viabili per la regolamentazione della sosta e della circolazione nelle strade adiacenti il Cimitero monumentale di Messina.<div id=\"div-gpt-ad-Messinaoggi.it-DSK-300x250-corpoart\" style=\"text-align:center;margin:0 auto;\"><\/div><\/p>\n\n\n\n<p>Pertanto, nei giorni 1 e 2 novembre 2025, dalle ore 7 alle 18, viger\u00e0 il divieto di sosta, con zona rimozione coatta, entrambi i lati della carreggiata di via del Santo dal n. 36 al n. 68; il divieto di sosta, con zona rimozione coatta, in via del Santo, lato monte della carreggiata, dal n. 328 fino al ponte FF.SS.; il divieto di sosta, con zona rimozione coatta, in via Catania per un tratto di 20 metri a sud dell\u2019ingresso principale del Gran Camposanto (lasciando la fruibilit\u00e0 degli esistenti stalli di sosta a servizio dei veicoli di persone con disabilit\u00e0). Interdetto inoltre sulla via Comunale Santo il transito veicolare ai mezzi provenienti dal viale Gazzi, fatta eccezione per gli autobus navetta dell\u2019A.T.M., dei veicoli dei residenti, delle Forze di Polizia e di pronto soccorso.<div id=\"videoincontent\" style=\"clear:both\";><\/div><\/p>\n\n\n\n<p>Oggi, gioved\u00ec 30, domani, venerd\u00ec 31, sabato 1 e domenica 2 novembre, dalle 7 alle 18, sono istituiti il divieto di sosta, con zona rimozione coatta, entrambi i lati di vicolo San Cosimo; il divieto di transito in vicolo San Cosimo (con collocazione di transenne e segnaletica stradale), consentendo la circolazione ai veicoli di Forze di Polizia e pronto soccorso, residenti, Enel che devono effettuare eventuali interventi urgenti di manutenzione, veicoli adibiti a taxi, autorizzati muniti di apposito contrassegno e agli autobus di A.T.M., di dimensioni ridotte, con lunghezze inferiori ad 8 metri. Viger\u00e0, infine, domenica 2 novembre, dalle 7 sino alle 19, il divieto di sosta, con zona rimozione coatta, in via Catania per un tratto di 100 metri a nord rispetto all\u2019ingresso principale del Gran Camposanto (lasciando la fruibilit\u00e0 degli esistenti stalli di sosta a servizio dei veicoli di persone con disabilit\u00e0), al fine di consentire le attivit\u00e0 interne del Gran Camposanto e la sosta delle autorit\u00e0 che interverranno per la celebrazione eucaristica prevista nel piazzale di ingresso del Gran Camposanto.<\/p>\n","protected":false},"excerpt":{"rendered":"<p>In occasione della Commemorazione dei defunti per le giornate di oggi, gioved\u00ec 30 ottobre, domani, venerd\u00ec 31 ottobre, sabato 1 novembre e domenica 2 novembre, sono previsti provvedimenti viabili per la regolamentazione della sosta e della circolazione nelle strade adiacenti il Cimitero monumentale di Messina. Pertanto, nei giorni 1 e 2 novembre 2025, dalle ore [&hellip;]<\/p>\n","protected":false},"author":2,"featured_media":33592,"comment_status":"open","ping_status":"open","sticky":false,"template":"","format":"standard","meta":{"ub_ctt_via":"","_mi_skip_tracking":false},"categories":[5],"tags":[],"featured_image_src":"https:\/\/www.messinaoggi.it\/website\/wp-content\/uploads\/2019\/06\/3E1979F0-D8BF-434C-83AA-53AAE64BEFD4.jpeg","author_info":{"display_name":"Redazione","author_link":"https:\/\/www.messinaoggi.it\/website\/author\/redazione\/"},"digistream_id":0,"digistream":false,"_links":{"self":[{"href":"https:\/\/www.messinaoggi.it\/website\/wp-json\/wp\/v2\/posts\/253428"}],"collection":[{"href":"https:\/\/www.messinaoggi.it\/website\/wp-json\/wp\/v2\/posts"}],"about":[{"href":"https:\/\/www.messinaoggi.it\/website\/wp-json\/wp\/v2\/types\/post"}],"author":[{"embeddable":true,"href":"https:\/\/www.messinaoggi.it\/website\/wp-json\/wp\/v2\/users\/2"}],"replies":[{"embeddable":true,"href":"https:\/\/www.messinaoggi.it\/website\/wp-json\/wp\/v2\/comments?post=253428"}],"version-history":[{"count":1,"href":"https:\/\/www.messinaoggi.it\/website\/wp-json\/wp\/v2\/posts\/253428\/revisions"}],"predecessor-version":[{"id":253429,"href":"https:\/\/www.messinaoggi.it\/website\/wp-json\/wp\/v2\/posts\/253428\/revisions\/253429"}],"wp:featuredmedia":[{"embeddable":true,"href":"https:\/\/www.messinaoggi.it\/website\/wp-json\/wp\/v2\/media\/33592"}],"wp:attachment":[{"href":"https:\/\/www.messinaoggi.it\/website\/wp-json\/wp\/v2\/media?parent=253428"}],"wp:term":[{"taxonomy":"category","embeddable":true,"href":"https:\/\/www.messinaoggi.it\/website\/wp-json\/wp\/v2\/categories?post=253428"},{"taxonomy":"post_tag","embeddable":true,"href":"https:\/\/www.messinaoggi.it\/website\/wp-json\/wp\/v2\/tags?post=253428"}],"curies":[{"name":"wp","href":"https:\/\/api.w.org\/{rel}","templated":true}]}}