{"id":253409,"date":"2025-10-30T10:15:37","date_gmt":"2025-10-30T09:15:37","guid":{"rendered":"http:\/\/www.messinaoggi.it\/website\/?p=253409"},"modified":"2025-10-30T10:15:39","modified_gmt":"2025-10-30T09:15:39","slug":"alibrandi-cisl-aspettiamo-motivazioni-della-corte-dei-conti","status":"publish","type":"post","link":"https:\/\/www.messinaoggi.it\/website\/2025\/10\/30\/alibrandi-cisl-aspettiamo-motivazioni-della-corte-dei-conti\/","title":{"rendered":"Alibrandi (Cisl): &#8220;Aspettiamo motivazioni della Corte dei Conti&#8221;"},"content":{"rendered":"\n<p>La decisione della Corte dei Conti preoccupa ma non possiamo fare altro che attendere le motivazioni per capire se sono prettamente tecniche o se \u00e8 stata una scelta politica. In questo caso sarebbe una mortificazione per il territorio e bloccherebbe tutta quella fase di progettazione di opere collegate fondamentali per la citt\u00e0\u00bb. \u00c8 il commento del segretario generale della Cisl Messina, Antonino Alibrandi, dopo la decisione della Corte dei Conti sulla delibera Cipess sul Ponte sullo Stretto.<div id=\"div-gpt-ad-Messinaoggi.it-DSK-300x250-corpoart\" style=\"text-align:center;margin:0 auto;\"><\/div><\/p>\n\n\n\n<p>\u00abPur rimanendo cauti \u2013 ha aggiunto Alibrandi &#8211; l\u2019impatto che l\u2019opera potrebbe avere \u00e8 sottolineato dal numero di istanze presentate da tanti giovani sulla piattaforma di selezione di Webuild. \u00c8 il chiaro segnale di come il Ponte rappresenti una opportunit\u00e0 di lavoro e sviluppo sociale ed economico. Per questo motivo vogliamo essere fiduciosi del fatto che, con gli opportuni accorgimenti, si possa proseguire comunque l\u2019iter\u00bb.<div id=\"videoincontent\" style=\"clear:both\";><\/div><\/p>\n","protected":false},"excerpt":{"rendered":"<p>La decisione della Corte dei Conti preoccupa ma non possiamo fare altro che attendere le motivazioni per capire se sono prettamente tecniche o se \u00e8 stata una scelta politica. In questo caso sarebbe una mortificazione per il territorio e bloccherebbe tutta quella fase di progettazione di opere collegate fondamentali per la citt\u00e0\u00bb. \u00c8 il commento [&hellip;]<\/p>\n","protected":false},"author":2,"featured_media":234627,"comment_status":"open","ping_status":"open","sticky":false,"template":"","format":"standard","meta":{"ub_ctt_via":"","_mi_skip_tracking":false},"categories":[5],"tags":[],"featured_image_src":"https:\/\/www.messinaoggi.it\/website\/wp-content\/uploads\/2025\/04\/WhatsApp-Image-2025-04-04-at-18.05.14-19.jpg","author_info":{"display_name":"Redazione","author_link":"https:\/\/www.messinaoggi.it\/website\/author\/redazione\/"},"digistream_id":0,"digistream":false,"_links":{"self":[{"href":"https:\/\/www.messinaoggi.it\/website\/wp-json\/wp\/v2\/posts\/253409"}],"collection":[{"href":"https:\/\/www.messinaoggi.it\/website\/wp-json\/wp\/v2\/posts"}],"about":[{"href":"https:\/\/www.messinaoggi.it\/website\/wp-json\/wp\/v2\/types\/post"}],"author":[{"embeddable":true,"href":"https:\/\/www.messinaoggi.it\/website\/wp-json\/wp\/v2\/users\/2"}],"replies":[{"embeddable":true,"href":"https:\/\/www.messinaoggi.it\/website\/wp-json\/wp\/v2\/comments?post=253409"}],"version-history":[{"count":1,"href":"https:\/\/www.messinaoggi.it\/website\/wp-json\/wp\/v2\/posts\/253409\/revisions"}],"predecessor-version":[{"id":253410,"href":"https:\/\/www.messinaoggi.it\/website\/wp-json\/wp\/v2\/posts\/253409\/revisions\/253410"}],"wp:featuredmedia":[{"embeddable":true,"href":"https:\/\/www.messinaoggi.it\/website\/wp-json\/wp\/v2\/media\/234627"}],"wp:attachment":[{"href":"https:\/\/www.messinaoggi.it\/website\/wp-json\/wp\/v2\/media?parent=253409"}],"wp:term":[{"taxonomy":"category","embeddable":true,"href":"https:\/\/www.messinaoggi.it\/website\/wp-json\/wp\/v2\/categories?post=253409"},{"taxonomy":"post_tag","embeddable":true,"href":"https:\/\/www.messinaoggi.it\/website\/wp-json\/wp\/v2\/tags?post=253409"}],"curies":[{"name":"wp","href":"https:\/\/api.w.org\/{rel}","templated":true}]}}