{"id":25338,"date":"2018-10-11T08:25:16","date_gmt":"2018-10-11T06:25:16","guid":{"rendered":"http:\/\/www.messinaoggi.it\/website\/?p=25338"},"modified":"2018-10-11T08:25:16","modified_gmt":"2018-10-11T06:25:16","slug":"alla-scoperta-del-borgo-di-ganzirri-torna-la-giornata-fai-dautunno","status":"publish","type":"post","link":"https:\/\/www.messinaoggi.it\/website\/2018\/10\/11\/alla-scoperta-del-borgo-di-ganzirri-torna-la-giornata-fai-dautunno\/","title":{"rendered":"Alla scoperta del Borgo di Ganzirri: torna la Giornata Fai d&#039;autunno"},"content":{"rendered":"<p align=\"LEFT\"><span style=\"font-family: Arial, sans-serif\">Un inedito viaggio all&#8217;interno del Borgo di Ganzirri spetter\u00e0 a coloro i quali parteciperanno alla Giornata Fai d&#8217;autunno che si terr\u00e0 domenica 14 ottobre: sar\u00e0 infatti possibile visitare in via del tutto eccezionale sulla barca\u00a0<span style=\"color: #000000\"><span style=\"font-size: medium\">i Laghi di Ganzirri.<\/span><\/span><\/span><div id=\"div-gpt-ad-Messinaoggi.it-DSK-300x250-corpoart\" style=\"text-align:center;margin:0 auto;\"><\/div><\/p>\n<p align=\"LEFT\"><span style=\"font-family: Arial, sans-serif\"><span style=\"color: #000000\"><span style=\"font-size: medium\">\u201c<em>La delegazione Fai di Messina ha dedicato la giornata alla scoperta del Borgo di Ganzirri che consentir\u00e0 ai cittadini<\/em> \u2013 ha evidenziato l\u2019assessore alle politiche produttive e promozionali Dafne Musolino \u2013<em> di riscoprire il proprio territorio al fine di conoscere meglio la riserva di Capo Peloro con i Laghi di Ganzirri sui quali sar\u00e0 possibile effettuare, in via eccezionale, la navigazione. Confermando l\u2019interesse dell\u2019Amministrazione comunale alla conservazione degli antichi mestieri, sottolineo inoltre la partecipazione di Pippo Arena, che illustrer\u00e0 la costruzione e l\u2019utilizzo delle nasse, antico attrezzo da pesca<\/em>\u201d. <\/span><\/span><\/span><div id=\"videoincontent\" style=\"clear:both\";><\/div><\/p>\n<p align=\"LEFT\"><span style=\"color: #000000\">\u201c<span style=\"font-family: Arial, sans-serif\"><span style=\"font-size: medium\"><em>Si tratta<\/em> \u2013 ha aggiunto l\u2019assessore\u00a0<\/span><\/span><\/span><span style=\"font-family: Arial, sans-serif\"><span style=\"color: #000000\"><span style=\"font-size: medium\">alle attivit\u00e0 sportive, giovanili e tempo libero Giuseppe Scattareggia\u00a0<\/span><\/span><\/span><span style=\"color: #000000\"><span style=\"font-family: Arial, sans-serif\"><span style=\"font-size: medium\">\u2013<em> di progetti che hanno l\u2019obiettivo di valorizzare zone del territorio cittadino. In questa occasione si \u00e8 deciso di puntare sulla riserva di Capo Peloro e i Laghi di Ganzirri, con lo spirito di trascorrere una giornata nella propria citt\u00e0 alla scoperta di siti spesso poco conosciuti<\/em>\u201d. <\/span><\/span><\/span><\/p>\n<p align=\"LEFT\"><span style=\"font-family: Arial, sans-serif\"><span style=\"color: #000000\"><span style=\"font-size: medium\">Il programma di domenica 14 prevede le visite che seguono: <\/span><\/span><\/span><\/p>\n<ul>\n<li><span style=\"font-family: Arial, sans-serif\"><span style=\"color: #000000\"><span style=\"font-size: medium\">dalle ore 10 alle 10.45 e dalle 12 alle 17, alla chiesa San Nicola di Bari e nel teatro della chiesa; <\/span><\/span><\/span><\/li>\n<li><span style=\"font-family: Arial, sans-serif\"><span style=\"color: #000000\"><span style=\"font-size: medium\">alle 11.30, il ricercatore Filippo Azzaro del CNR \u2013 IRBIM di Messina parler\u00e0 de \u201cI fenomeni di upwelling nello stretto di Messina\u201d; <\/span><\/span><\/span><\/li>\n<li><span style=\"font-family: Arial, sans-serif\"><span style=\"color: #000000\"><span style=\"font-size: medium\">dalle 10 alle 17, alla Cappella Arena. Inoltre, sempre dalle 10 alle 17, alla Torre Saracena Pippo Arena illustrer\u00e0 le nasse, mentre sul lungomare saranno esposti i pannelli descrittivi della biodiversit\u00e0 dello Stretto; sul lungo lago la Pro Loco Capo Peloro e l\u2019associazione dei Molluschicoltori descriveranno l\u2019attivit\u00e0 della coltivazione dei mitili con escursioni in barca sul Lago Grande; <\/span><\/span><\/span><\/li>\n<li><span style=\"font-family: Arial, sans-serif\"><span style=\"color: #000000\"><span style=\"font-size: medium\">alle ore 16, sempre sul lungo lago, il direttore della Riserva Maria Letizia Molino ne presenter\u00e0 le caratteristiche e Domenica Lucchesi dell\u2019Arpa Sicilia Messina relazioner\u00e0 sull\u2019importanza dell\u2019educazione ambientale per la conservazione e tutela del territorio. <\/span><\/span><\/span><\/li>\n<\/ul>\n<p><span style=\"font-family: Arial, sans-serif\"><span style=\"color: #000000\"><span style=\"font-size: medium\">Le giornate coinvolgono gruppi di giovani volontari del Fai, nati sette anni fa e diffusi in tutta Italia, affiancati nell\u2019accogliere e guidare i visitatori, da 5 mila apprendisti ciceroni, cio\u00e8 studenti della scuola di ogni ordine e grado che hanno scelto con i loro docenti di partecipare nell\u2019anno scolastico a un progetto formativo di cittadinanza attiva, un\u2019iniziativa lanciata dal Fai nel 1996. Quest\u2019anno a Messina hanno aderito al progetto gli studenti dell\u2019istituto comprensivo Paradiso e quelli della scuola San Francesco di Paola. Per ulteriori informazioni \u00e8 possibile consultare i siti www.giornatefai.it; www.fondoambiente.it; o rivolgersi telefonicamente al numero 02 467615399. <\/span><\/span><\/span><\/p>\n","protected":false},"excerpt":{"rendered":"<p>Un inedito viaggio all&#8217;interno del Borgo di Ganzirri spetter\u00e0 a coloro i quali parteciperanno alla Giornata Fai d&#8217;autunno che si terr\u00e0 domenica 14 ottobre: sar\u00e0 infatti possibile visitare in via del tutto eccezionale sulla barca\u00a0i Laghi di Ganzirri. \u201cLa delegazione Fai di Messina ha dedicato la giornata alla scoperta del Borgo di Ganzirri che consentir\u00e0 [&hellip;]<\/p>\n","protected":false},"author":8,"featured_media":15335,"comment_status":"closed","ping_status":"open","sticky":false,"template":"","format":"standard","meta":{"ub_ctt_via":"","_mi_skip_tracking":false},"categories":[5],"tags":[],"featured_image_src":"https:\/\/www.messinaoggi.it\/website\/wp-content\/uploads\/2018\/02\/lago-ganzirri-barche-ormeggiate-messinaoggiMR-1.jpg","author_info":{"display_name":"red..me","author_link":"https:\/\/www.messinaoggi.it\/website\/author\/redstage\/"},"digistream_id":0,"digistream":false,"_links":{"self":[{"href":"https:\/\/www.messinaoggi.it\/website\/wp-json\/wp\/v2\/posts\/25338"}],"collection":[{"href":"https:\/\/www.messinaoggi.it\/website\/wp-json\/wp\/v2\/posts"}],"about":[{"href":"https:\/\/www.messinaoggi.it\/website\/wp-json\/wp\/v2\/types\/post"}],"author":[{"embeddable":true,"href":"https:\/\/www.messinaoggi.it\/website\/wp-json\/wp\/v2\/users\/8"}],"replies":[{"embeddable":true,"href":"https:\/\/www.messinaoggi.it\/website\/wp-json\/wp\/v2\/comments?post=25338"}],"version-history":[{"count":0,"href":"https:\/\/www.messinaoggi.it\/website\/wp-json\/wp\/v2\/posts\/25338\/revisions"}],"wp:featuredmedia":[{"embeddable":true,"href":"https:\/\/www.messinaoggi.it\/website\/wp-json\/wp\/v2\/media\/15335"}],"wp:attachment":[{"href":"https:\/\/www.messinaoggi.it\/website\/wp-json\/wp\/v2\/media?parent=25338"}],"wp:term":[{"taxonomy":"category","embeddable":true,"href":"https:\/\/www.messinaoggi.it\/website\/wp-json\/wp\/v2\/categories?post=25338"},{"taxonomy":"post_tag","embeddable":true,"href":"https:\/\/www.messinaoggi.it\/website\/wp-json\/wp\/v2\/tags?post=25338"}],"curies":[{"name":"wp","href":"https:\/\/api.w.org\/{rel}","templated":true}]}}