{"id":253367,"date":"2025-10-29T17:06:40","date_gmt":"2025-10-29T16:06:40","guid":{"rendered":"https:\/\/www.messinaoggi.it\/website\/2025\/10\/29\/organismo-congressuale-forense-eletti-moretti-coordinatore-e-brusa-segretario\/"},"modified":"2025-10-29T17:06:40","modified_gmt":"2025-10-29T16:06:40","slug":"organismo-congressuale-forense-eletti-moretti-coordinatore-e-brusa-segretario","status":"publish","type":"post","link":"https:\/\/www.messinaoggi.it\/website\/2025\/10\/29\/organismo-congressuale-forense-eletti-moretti-coordinatore-e-brusa-segretario\/","title":{"rendered":"Organismo Congressuale Forense, eletti Moretti Coordinatore e Brusa Segretario"},"content":{"rendered":"<div>ROMA (ITALPRESS) &#8211; I 55 componenti dell&#8217;Assemblea dell&#8217;Organismo Congressuale Forense (OCF) hanno proceduto all&#8217;elezione dei nuovi membri dell&#8217;Ufficio di Coordinamento.<br \/>Fedele Moretti (Foro di Taranto), assume il ruolo di Coordinatore; Elisabetta Brusa (Foro di Varese), nuovo Segretario; Antonino Distefano (Foro di Catania) \u00e8 il Tesoriere. L&#8217;ufficio di coordinamento sar\u00e0 composto poi dagli avvocati Giovanni Barile (Foro di Torre Annunziata), Carlo Morace (Foro di Reggio Calabria), Paolo Rossi (Foro di Bologna) e Mariangela Spinella (Foro di Matera).<br \/>L&#8217;OCF \u00e8 l&#8217;organismo di vertice di rappresentanza politica dell&#8217;Avvocatura italiana, ed esercita la rappresentanza politica del Congresso Nazionale Forense, di cui ha il compito di attuare i deliberati, ed elabora progetti e proposte a tutela degli interessi dell&#8217;Avvocatura e della societ\u00e0 italiana.<br \/>&#8220;L&#8217;assemblea di OCF si insedia e lancia la campagna referendaria. L&#8217;Avvocatura \u00e8 unita: s\u00ec alla separazione delle carriere dei magistrati &#8211; hanno dichiarato il Coordinatore Moretti e il Segretario Brusa &#8211; Abbiamo costruito una squadra che riflette la pluralit\u00e0 dell&#8217;Avvocatura italiana, le sue radici territoriali e la sua capacit\u00e0 di rinnovarsi. E&#8217; una squadra che unisce esperienza e nuove energie, continuit\u00e0 e innovazione, con l&#8217;obiettivo di dare voce a un&#8217;Avvocatura sempre pi\u00f9 protagonista nelle sfide che la giustizia e la societ\u00e0 ci pongono. Al recente Congresso dell&#8217;Avvocatura di Torino sono emersi temi fondamentali per il futuro della professione: l&#8217;impatto dell&#8217;intelligenza artificiale e delle tecnologie digitali nell&#8217;esercizio della professione forense, la centralit\u00e0 dell&#8217;Avvocato nel processo e nelle attivit\u00e0 non giudiziali, e l&#8217;apertura a nuovi ambiti di consulenza legale, con particolare attenzione all&#8217;equo compenso, alla tutela dei diritti dei cittadini e alla prevenzione del contenzioso&#8221;.<br \/>&#8220;Sentiamo forte la responsabilit\u00e0 di tradurre in azione queste istanze, rappresentando un fronte unitario e autorevole dell&#8217;Avvocatura italiana, anche in vista del completamento dell&#8217;iter della legge professionale&#8221;, concludono Brusa e Moretti.<br \/>Fedele Moretti \u00e8 avvocato a Taranto con una lunga carriera nell&#8217;ambito dell&#8217;Avvocatura. E&#8217; stato Presidente dell&#8217;Ordine degli Avvocati di Taranto dal 2019 al 2021. Nel 2022 \u00e8 stato eletto per la prima volta componente dell&#8217;Assemblea Nazionale dell&#8217;Organismo Congressuale Forense, rappresentando il Distretto di Lecce.<br \/>Elisabetta Brusa \u00e8 avvocato a Varese, specializzata in diritto penale e di famiglia. Ha ricoperto ruoli di rilievo nell&#8217;Ordine degli Avvocati di Varese, tra cui Presidente dal 2019 al 2023, ed \u00e8 attiva in iniziative di sensibilizzazione sociale. E&#8217; al suo secondo mandato nell&#8217;Organismo Congressuale Forense.<br \/>Antonino Distefano \u00e8 avvocato a Catania e si occupa prevalentemente di diritto civile e tributario. Attualmente \u00e8 Presidente del Consiglio dell&#8217;Ordine degli Avvocati di Catania, dopo aver ricoperto in passato il ruolo di Tesoriere e Vice Presidente dello stesso Consiglio. E&#8217; stato Vice Presidente dell&#8217;Unione Regionale degli Ordini Forensi della Sicilia.<div id=\"div-gpt-ad-Messinaoggi.it-DSK-300x250-corpoart\" style=\"text-align:center;margin:0 auto;\"><\/div><\/p>\n<p>&#8211; nella foto, fornita dall&#8217;ufficio stampa Organismo Congressuale Forense, da sinistra a destra: Distefano, Spinella, Rossi, Moretti, Brusa, Morace e Barile &#8211;<br \/>(ITALPRESS).<\/div>\n<div id=\"videoincontent\" style=\"clear:both\";><\/div>","protected":false},"excerpt":{"rendered":"<p>ROMA (ITALPRESS) &#8211; I 55 componenti dell&#8217;Assemblea dell&#8217;Organismo Congressuale Forense (OCF) hanno proceduto all&#8217;elezione dei nuovi membri dell&#8217;Ufficio di Coordinamento.Fedele Moretti (Foro di Taranto), assume il ruolo di Coordinatore; Elisabetta Brusa (Foro di Varese), nuovo Segretario; Antonino Distefano (Foro di Catania) \u00e8 il Tesoriere. L&#8217;ufficio di coordinamento sar\u00e0 composto poi dagli avvocati Giovanni Barile (Foro [&hellip;]<\/p>\n","protected":false},"author":18,"featured_media":253368,"comment_status":"closed","ping_status":"closed","sticky":false,"template":"","format":"standard","meta":{"ub_ctt_via":"","_mi_skip_tracking":false},"categories":[446],"tags":[783],"featured_image_src":"https:\/\/www.messinaoggi.it\/website\/wp-content\/uploads\/2025\/10\/20251029_1396.jpg","author_info":{"display_name":"Admin","author_link":"https:\/\/www.messinaoggi.it\/website\/author\/admin\/"},"digistream_id":0,"digistream":false,"_links":{"self":[{"href":"https:\/\/www.messinaoggi.it\/website\/wp-json\/wp\/v2\/posts\/253367"}],"collection":[{"href":"https:\/\/www.messinaoggi.it\/website\/wp-json\/wp\/v2\/posts"}],"about":[{"href":"https:\/\/www.messinaoggi.it\/website\/wp-json\/wp\/v2\/types\/post"}],"author":[{"embeddable":true,"href":"https:\/\/www.messinaoggi.it\/website\/wp-json\/wp\/v2\/users\/18"}],"replies":[{"embeddable":true,"href":"https:\/\/www.messinaoggi.it\/website\/wp-json\/wp\/v2\/comments?post=253367"}],"version-history":[{"count":0,"href":"https:\/\/www.messinaoggi.it\/website\/wp-json\/wp\/v2\/posts\/253367\/revisions"}],"wp:featuredmedia":[{"embeddable":true,"href":"https:\/\/www.messinaoggi.it\/website\/wp-json\/wp\/v2\/media\/253368"}],"wp:attachment":[{"href":"https:\/\/www.messinaoggi.it\/website\/wp-json\/wp\/v2\/media?parent=253367"}],"wp:term":[{"taxonomy":"category","embeddable":true,"href":"https:\/\/www.messinaoggi.it\/website\/wp-json\/wp\/v2\/categories?post=253367"},{"taxonomy":"post_tag","embeddable":true,"href":"https:\/\/www.messinaoggi.it\/website\/wp-json\/wp\/v2\/tags?post=253367"}],"curies":[{"name":"wp","href":"https:\/\/api.w.org\/{rel}","templated":true}]}}