{"id":253356,"date":"2025-10-29T15:06:40","date_gmt":"2025-10-29T14:06:40","guid":{"rendered":"https:\/\/www.messinaoggi.it\/website\/2025\/10\/29\/prendersi-cura-di-chi-cura-fondazione-cariplo-al-fianco-del-terzo-settore\/"},"modified":"2025-10-29T15:06:40","modified_gmt":"2025-10-29T14:06:40","slug":"prendersi-cura-di-chi-cura-fondazione-cariplo-al-fianco-del-terzo-settore","status":"publish","type":"post","link":"https:\/\/www.messinaoggi.it\/website\/2025\/10\/29\/prendersi-cura-di-chi-cura-fondazione-cariplo-al-fianco-del-terzo-settore\/","title":{"rendered":"\u201cPrendersi cura di chi cura\u201d, Fondazione Cariplo al fianco del Terzo Settore"},"content":{"rendered":"<div>MILANO (ITALPRESS) &#8211; Il lavoro di cura \u00e8 al centro di una crisi silenziosa, ma sempre pi\u00f9 urgente. A rilanciare una questione cruciale per il Paese \u00e8 stato l&#8217;evento &#8220;Prendersi cura di chi cura&#8221;, promosso a Milano da Fondazione Cariplo in collaborazione con Fondazione Social Venture Giordano Dell&#8217;Amore per discutere le difficolt\u00e0 nel reperire e trattenere professionisti qualificati nei servizi del Terzo Settore.<br \/>Il Quaderno di ricerca n.52, curato dall&#8217;Evaluation Lab di FSVGDA, fotografa infatti un mercato del lavoro in forte tensione: da un lato, la domanda di psicologi, educatori e assistenti sociali \u00e8 in costante crescita; dall&#8217;altro, l&#8217;offerta fatica a tenere il passo, complici il fabbisogno di personale del settore pubblico e condizioni contrattuali spesso poco attrattive.<br \/>Nonostante un aumento del 30% delle iscrizioni universitarie nei corsi di laurea legati alle professioni di cura negli ultimi dieci anni (fa eccezione il settore socio-assistenziale che registra, a partire dal 2020, una diminuzione di circa il 10%), il Terzo Settore fronteggia grosse difficolt\u00e0. I dati evidenziano chiaramente le problematicit\u00e0: stipendi pi\u00f9 bassi, carichi di lavoro elevati, limitate prospettive di crescita e una percezione sociale ancora debole del &#8220;valore della cura&#8221; rendono complesso attrarre giovani professionisti e trattenere personale con esperienza.<br \/>Durante l&#8217;evento, articolato in tre panel, sono stati discussi i dati raccolti nella ricerca e sono emerse proposte concrete: al di l\u00e0 del nodo di fondo dell&#8217;aumento delle retribuzioni, si possono migliorare le condizioni contrattuali, investire in campagne di sensibilizzazione e i programmi di formazione continua, costruire alleanze tra universit\u00e0, enti del Terzo Settore e istituzioni. L&#8217;obiettivo? Ridare dignit\u00e0 e attrattivit\u00e0 a un insieme di professioni che sono il pilastro del welfare e specchio della nostra capacit\u00e0 di prenderci cura gli uni degli altri.<br \/>Tre panel hanno scandito il ritmo dell&#8217;incontro, offrendo uno sguardo plurale e approfondito sulle sfide del lavoro di cura. Il primo, &#8220;Un valore (s)conosciuto&#8221;, ha affrontato le dimensioni culturali, economiche e di genere del lavoro sociale, con interventi di Barbara Da Roit (Universit\u00e0 C\u00e0 Foscari Venezia), Stefano Granata (Confcooperative Federsolidariet\u00e0), Paolo Dell&#8217;Oca (Fondazione Arch\u00e8) e Matilde Zanni (Consorzio dei Servizi Sociali del Verbano). Il secondo, &#8220;Dal sapere al saper fare&#8221;, ha ragionato sullo sviluppo di competenze specialistiche e trasversali tra formazione accademica e mondo del lavoro, con contributi di Elena Luciano (Universit\u00e0 di Milano-Bicocca), Eleonora Cortesi (Consorzio Consolida), Salvatore Semeraro (Consorzio SiR) e Ilaria Botta (Consorzio Il Filo da Tessere). Il terzo, &#8220;Utili in tempo utile&#8221;, ha messo al centro il protagonismo giovanile e la necessit\u00e0 di transizioni generazionali nelle organizzazioni, con Francesca Gennai (Consorzio Nazionale CGM), Paolo Tartaglione (CNCA Lombardia), Rossana Aceti (Cooperativa Il Pugno Aperto) e Simone Buzzella (Cooperativa Sineresi).<br \/>&#8220;Il welfare sociale presenta, da tempo, diverse fragilit\u00e0 dovute ad una pluralit\u00e0 di fattori, tra cui l&#8217;insufficiente  finanziamento, la presenza di forti diseguaglianze territoriali in termini di servizi, il forte squilibrio nell&#8217;uso delle risorse destinate pi\u00f9 a favore dei trasferimenti monetari piuttosto che al finanziamento dei servizi, un&#8217;impostazione che risale a decenni fa e non in grado di rispondere ai cambiamenti demografici e sociali del Paese &#8211; afferma Valeria Negrini, Vice Presidente Fondazione Cariplo -. Contemporaneamente questa fragilit\u00e0 mette sempre in maggior evidenza la funzione ed il senso del welfare, come presidio di diritti fondamentali quali la salute e il benessere collettivo della comunit\u00e0. La necessit\u00e0 di ripensare il nostro modello di welfare intreccia profondamente anche la necessit\u00e0 di ripensare il lavoro educativo e di cura; una sfida che \u00e8 sia culturale che professionale. Richiede infatti competenze trasversali, in grado di tenere insieme sapere tecnico, sensibilit\u00e0 sociale e visione comunitaria. Nonostante ci\u00f2, una percentuale molto alta dei laureati in queste professioni &#8211; in gran parte donne &#8211; continua a operare in contesti poco valorizzati e mal retribuiti&#8221;. <br \/>&#8220;Nel Terzo Settore &#8211; aggiunge &#8211; il turnover giovanile raggiunge il 35,8%, segno di una crescente frustrazione. Fondazione Cariplo mira a diffondere una nuova visione del lavoro, che metta al centro il valore umano e sociale del prendersi cura. Riconoscere la portata trasformativa di queste professioni \u00e8 il primo passo per restituire dignit\u00e0, riconoscimento e prospettive a chi costruisce quotidianamente coesione e benessere collettivo&#8221;.<br \/>Fondazione Cariplo ha annunciato l&#8217;intenzione di proseguire il lavoro avviato con il Quaderno, continuando il suo impegno sul capacity building e sviluppo organizzativo grazie al Bando Riprogettiamo il futuro, promuovendo una nuova narrazione sul lavoro sociale e sostenendo azioni sperimentali per rafforzare la sostenibilit\u00e0 organizzativa delle realt\u00e0 non profit.<div id=\"div-gpt-ad-Messinaoggi.it-DSK-300x250-corpoart\" style=\"text-align:center;margin:0 auto;\"><\/div><\/p>\n<p>&#8211; foto Italpress &#8211;<br \/>(ITALPRESS).<\/div>\n<div id=\"videoincontent\" style=\"clear:both\";><\/div>","protected":false},"excerpt":{"rendered":"<p>MILANO (ITALPRESS) &#8211; Il lavoro di cura \u00e8 al centro di una crisi silenziosa, ma sempre pi\u00f9 urgente. A rilanciare una questione cruciale per il Paese \u00e8 stato l&#8217;evento &#8220;Prendersi cura di chi cura&#8221;, promosso a Milano da Fondazione Cariplo in collaborazione con Fondazione Social Venture Giordano Dell&#8217;Amore per discutere le difficolt\u00e0 nel reperire e [&hellip;]<\/p>\n","protected":false},"author":18,"featured_media":253357,"comment_status":"closed","ping_status":"closed","sticky":false,"template":"","format":"standard","meta":{"ub_ctt_via":"","_mi_skip_tracking":false},"categories":[446],"tags":[783],"featured_image_src":"https:\/\/www.messinaoggi.it\/website\/wp-content\/uploads\/2025\/10\/20251029_0948.jpg","author_info":{"display_name":"Admin","author_link":"https:\/\/www.messinaoggi.it\/website\/author\/admin\/"},"digistream_id":0,"digistream":false,"_links":{"self":[{"href":"https:\/\/www.messinaoggi.it\/website\/wp-json\/wp\/v2\/posts\/253356"}],"collection":[{"href":"https:\/\/www.messinaoggi.it\/website\/wp-json\/wp\/v2\/posts"}],"about":[{"href":"https:\/\/www.messinaoggi.it\/website\/wp-json\/wp\/v2\/types\/post"}],"author":[{"embeddable":true,"href":"https:\/\/www.messinaoggi.it\/website\/wp-json\/wp\/v2\/users\/18"}],"replies":[{"embeddable":true,"href":"https:\/\/www.messinaoggi.it\/website\/wp-json\/wp\/v2\/comments?post=253356"}],"version-history":[{"count":0,"href":"https:\/\/www.messinaoggi.it\/website\/wp-json\/wp\/v2\/posts\/253356\/revisions"}],"wp:featuredmedia":[{"embeddable":true,"href":"https:\/\/www.messinaoggi.it\/website\/wp-json\/wp\/v2\/media\/253357"}],"wp:attachment":[{"href":"https:\/\/www.messinaoggi.it\/website\/wp-json\/wp\/v2\/media?parent=253356"}],"wp:term":[{"taxonomy":"category","embeddable":true,"href":"https:\/\/www.messinaoggi.it\/website\/wp-json\/wp\/v2\/categories?post=253356"},{"taxonomy":"post_tag","embeddable":true,"href":"https:\/\/www.messinaoggi.it\/website\/wp-json\/wp\/v2\/tags?post=253356"}],"curies":[{"name":"wp","href":"https:\/\/api.w.org\/{rel}","templated":true}]}}