{"id":253190,"date":"2025-10-27T18:08:12","date_gmt":"2025-10-27T17:08:12","guid":{"rendered":"https:\/\/www.messinaoggi.it\/website\/2025\/10\/27\/giubileo-del-mondo-educativo-andy-diaz-la-scuola-e-vita-e-liberta\/"},"modified":"2025-10-27T18:08:12","modified_gmt":"2025-10-27T17:08:12","slug":"giubileo-del-mondo-educativo-andy-diaz-la-scuola-e-vita-e-liberta","status":"publish","type":"post","link":"https:\/\/www.messinaoggi.it\/website\/2025\/10\/27\/giubileo-del-mondo-educativo-andy-diaz-la-scuola-e-vita-e-liberta\/","title":{"rendered":"Giubileo del Mondo Educativo, Andy Diaz \u201cLa scuola \u00e8 vita e libert\u00e0\u201d"},"content":{"rendered":"<div>ROMA (ITALPRESS) &#8211; Roma si apre ad un evento di grande rilevanza internazionale, il Giubileo del Mondo Educativo, occasione preziosa per riflettere sul futuro dell&#8217;istruzione, con attenzione alla multidisciplinarit\u00e0 e al dialogo tra le diverse realt\u00e0 educative, attesa con entusiasmo da istituzioni, docenti, studenti e famiglie. &#8220;La Scuola \u00e8 Vita&#8221; \u00e8 l&#8217;importante iniziativa del Ministero dell&#8217;Istruzione e del Merito &#8211; Unit\u00e0 di missione per il Piano nazionale di ripresa e resilienza, in collaborazione con il Dicastero per la Cultura e l&#8217;Educazione della Citt\u00e0 del Vaticano, che dal 27 al 30 ottobre 2025 coinvolger\u00e0 circa 7000 persone tra docenti, dirigenti scolastici e studenti provenienti da tutte le regioni italiane e da istituzioni scolastiche estere, 300 delegazioni da circa 30 Paesi del mondo, e 80 mentors pronti a far funzionare i laboratori delle 4 giornate del progetto; 107, invece, le province italiane coinvolte. Presenti all&#8217;apertura di oggi all&#8217;Auditorium della Conciliazione, Roberto Gualtieri, Sindaco di Roma, il Cardinale Jos\u00e8 Tolentino de Mendon\u00e7a, Prefetto del Dicastero della Cultura e dell&#8217;Educazione Citt\u00e0 del Vaticano e il Ministro dell&#8217;Istruzione e del Merito, Giuseppe Valditara: tre osservatori diversi sui problemi e le sfide poste oggi dall&#8217;educazione che hanno rinnovato in interventi appassionati il loro impegno di adulti nei confronti degli studenti per metterli nelle condizioni migliori di perseguire i propri sogni con ogni strumento possibile.<br \/>\nL&#8217;iniziativa di apertura de La Scuola \u00e8 Vita, ha visto la partecipazione straordinaria dell&#8217;atleta Andy Diaz Hern\u00e0ndez, accompagnato dal suo Coach, Fabrizio Donato, e da alcuni rappresentanti di Gruppo Matches, l&#8217;agenzia che ne cura l&#8217;immagine. Diaz &#8211; nato nel 1995, cubano naturalizzato italiano, medaglia di bronzo alle Olimpiadi di Parigi e pochi mesi dopo medaglia d&#8217;oro ai Mondiali Indoor 2025 con un salto da 17,80 m., nuovo record italiano del salto triplo &#8211; nel presentarsi come &#8220;un ragazzo che non ha mai smesso di sognare&#8221;, ha regalato alla bellissima platea straripante di giovani una storia. Una storia in cui l&#8217;educazione e relazioni interpersonali corrette e generative &#8211; altre grandi protagoniste di questa giornata &#8211; hanno fatto la differenza. Sullo sfondo del suo intervento, in cui ha parlato di speranza e sogno, ma anche di forza e determinazione, video e immagini di grande potenza espressiva hanno mostrato tanto momenti di caduta quanto momenti di trionfo dell&#8217;atleta, a testimoniare il valore dello sport come strumento di riscatto, crescita e formazione per i giovani. Andy Diaz ha infatti raccontato le difficolt\u00e0 del suo Paese d&#8217;origine, Cuba, la sfiducia di chi lo allenava in patria, il coraggio nel 2021 di abbandonare il proprio Paese e la propria famiglia per provare in Italia &#8220;a continuare a sognare la medaglia olimpica nel salto triplo&#8221;, le grandi difficolt\u00e0 economiche e pratiche iniziali, soprattutto il fortunato incontro con il suo allenatore, Fabrizio Donato. &#8220;Un educatore &#8211; lo ha definito Diaz &#8211; che mi ha insegnato tutto quello che sono oggi&#8221;. Di l\u00ec costanza e allenamento, insieme, e nel 2023 la cittadinanza italiana &#8220;per meriti sportivi&#8221;. Da allora gareggia indossando orgogliosamente la maglia azzurra, diventando simbolo di integrazione oltre che espressione di un grande talento. E non intende smettere di studiare, come ha assicurato. Oltre a voler continuare a vincere, altro obiettivo \u00e8 quello di conseguire la laurea in Scienze Motorie. La sua partecipazione a questo particolare momento del Giubileo del Mondo Educativo ne fa anche un esempio di come lo sport e l&#8217;educazione possano e debbano intrecciarsi.<br \/>\nSe infatti l&#8217;obiettivo dell&#8217;iniziativa \u00e8 quello di promuovere uno scambio costruttivo sulle principali sfide educative, anche attraverso l&#8217;adozione di metodologie didattiche innovative che pongano gli studenti al centro come protagonisti attivi del loro percorso di apprendimento, la presenza di Andy Diaz \u00e8 assolutamente coerente. Con la sua storia personale e la sua esperienza diretta nel mondo sportivo, l&#8217;atleta rappresenta un simbolo tangibile di come disciplina, impegno e passione, insieme a percorsi condivisi positivamente con la propria squadra e la propria comunit\u00e0 di riferimento, possano trasformarsi in strumenti efficaci di miglioramento, crescita e sviluppo personale. La scelta di includere anche una figura dello sport riconosciuta a livello internazionale sottolinea la volont\u00e0 degli organizzatori di offrire concreti modelli positivi e stimolanti ai partecipanti.<br \/>\nCon lui c&#8217;erano Samantha Cristoforetti, Annalisa Minetti, Sister Zeph, Nhial Deng, Frate Sidival Fila. Tutte altre storie che parlano comunque di lavoro di squadra, di accoglienza, di orizzonti condivisi di speranza come motore del cambiamento, di scelte coraggiose, di fatica e perseveranza, ma anche di coraggio e fiducia in un futuro da costruire rigorosamente insieme. La scuola \u00e8 vita presente dei giovani che la frequentano, l&#8217;educazione germe delle vite adulte che incarneranno. Il racconto di Andy Diaz non \u00e8 stato quindi solo un momento simbolico, ma concreta testimonianza di un cammino possibile verso una vita autonoma vissuta pienamente: &#8220;La scuola \u00e8 vita, la scuola \u00e8 libert\u00e0&#8221;, ha infatti concluso l&#8217;atleta.<div id=\"div-gpt-ad-Messinaoggi.it-DSK-300x250-corpoart\" style=\"text-align:center;margin:0 auto;\"><\/div><\/p>\n<p>&#8211; Foto Gruppo Matches &#8211;<div id=\"videoincontent\" style=\"clear:both\";><\/div><\/p>\n<p>(ITALPRESS).<\/p><\/div>\n","protected":false},"excerpt":{"rendered":"<p>ROMA (ITALPRESS) &#8211; Roma si apre ad un evento di grande rilevanza internazionale, il Giubileo del Mondo Educativo, occasione preziosa per riflettere sul futuro dell&#8217;istruzione, con attenzione alla multidisciplinarit\u00e0 e al dialogo tra le diverse realt\u00e0 educative, attesa con entusiasmo da istituzioni, docenti, studenti e famiglie. &#8220;La Scuola \u00e8 Vita&#8221; \u00e8 l&#8217;importante iniziativa del Ministero [&hellip;]<\/p>\n","protected":false},"author":18,"featured_media":253191,"comment_status":"closed","ping_status":"closed","sticky":false,"template":"","format":"standard","meta":{"ub_ctt_via":"","_mi_skip_tracking":false},"categories":[446],"tags":[783],"featured_image_src":"https:\/\/www.messinaoggi.it\/website\/wp-content\/uploads\/2025\/10\/20251027_1968.jpg","author_info":{"display_name":"Admin","author_link":"https:\/\/www.messinaoggi.it\/website\/author\/admin\/"},"digistream_id":0,"digistream":false,"_links":{"self":[{"href":"https:\/\/www.messinaoggi.it\/website\/wp-json\/wp\/v2\/posts\/253190"}],"collection":[{"href":"https:\/\/www.messinaoggi.it\/website\/wp-json\/wp\/v2\/posts"}],"about":[{"href":"https:\/\/www.messinaoggi.it\/website\/wp-json\/wp\/v2\/types\/post"}],"author":[{"embeddable":true,"href":"https:\/\/www.messinaoggi.it\/website\/wp-json\/wp\/v2\/users\/18"}],"replies":[{"embeddable":true,"href":"https:\/\/www.messinaoggi.it\/website\/wp-json\/wp\/v2\/comments?post=253190"}],"version-history":[{"count":0,"href":"https:\/\/www.messinaoggi.it\/website\/wp-json\/wp\/v2\/posts\/253190\/revisions"}],"wp:featuredmedia":[{"embeddable":true,"href":"https:\/\/www.messinaoggi.it\/website\/wp-json\/wp\/v2\/media\/253191"}],"wp:attachment":[{"href":"https:\/\/www.messinaoggi.it\/website\/wp-json\/wp\/v2\/media?parent=253190"}],"wp:term":[{"taxonomy":"category","embeddable":true,"href":"https:\/\/www.messinaoggi.it\/website\/wp-json\/wp\/v2\/categories?post=253190"},{"taxonomy":"post_tag","embeddable":true,"href":"https:\/\/www.messinaoggi.it\/website\/wp-json\/wp\/v2\/tags?post=253190"}],"curies":[{"name":"wp","href":"https:\/\/api.w.org\/{rel}","templated":true}]}}