{"id":253162,"date":"2025-10-27T13:09:54","date_gmt":"2025-10-27T12:09:54","guid":{"rendered":"http:\/\/www.messinaoggi.it\/website\/?p=253162"},"modified":"2025-10-27T13:09:55","modified_gmt":"2025-10-27T12:09:55","slug":"crolla-un-tiglio-vicino-alluniversita-ferrante-m5s-accusa-potature-sbagliate-e-scelte-errate-sul-verde-urbano","status":"publish","type":"post","link":"https:\/\/www.messinaoggi.it\/website\/2025\/10\/27\/crolla-un-tiglio-vicino-alluniversita-ferrante-m5s-accusa-potature-sbagliate-e-scelte-errate-sul-verde-urbano\/","title":{"rendered":"Crolla un tiglio vicino all\u2019Universit\u00e0, Ferrante (M5S) accusa: \u201cpotature sbagliate e scelte errate sul verde urbano\u201d"},"content":{"rendered":"\n<p>Il forte spavento, per fortuna, non si \u00e8 trasformato in tragedia. Un grande tiglio \u00e8 crollato in via Giacomo Venezian, a pochi passi dall\u2019Universit\u00e0, senza causare feriti. Ma l\u2019episodio ha riacceso le polemiche sulla gestione del verde urbano.<div id=\"div-gpt-ad-Messinaoggi.it-DSK-300x250-corpoart\" style=\"text-align:center;margin:0 auto;\"><\/div><\/p>\n\n\n\n<p>A sollevare il caso \u00e8 <strong>Domenico Gabriele Ferrante<\/strong>, consigliere del Movimento 5 Stelle nella IV Municipalit\u00e0 Centro Storico, che da tempo denuncia criticit\u00e0 nella manutenzione degli alberi cittadini.<div id=\"videoincontent\" style=\"clear:both\";><\/div><\/p>\n\n\n\n<p>\u00abUn po\u2019 di vento, nulla di pi\u00f9, nulla che giustifichi il crollo di un tiglio di quasi 20 metri\u00bb, scrive Ferrante, sottolineando che l\u2019albero era \u201cpianta stra-monitorata secondo gli ultimi report\u201d, ma in realt\u00e0 \u00abera solamente l\u2019ombra di s\u00e9 stessa, se avete presente lo splendore del tiglio in natura\u00bb.<\/p>\n\n\n\n<p>Il consigliere punta il dito anche contro il progetto ForestaME, che prevede la piantumazione di nuovi alberi in citt\u00e0, molti dei quali \u2013 spiega \u2013 sono proprio tigli.<\/p>\n\n\n\n<p>\u00abPurtroppo gli alberi giovani di ForestaME sono anch\u2019essi dei tigli, e come dico da anni saranno un problema delle future amministrazioni, mentre Messina gioca coi dati del verde per scalare le classifiche (riuscendoci comunque a met\u00e0)\u00bb.<\/p>\n\n\n\n<p>Ferrante evidenzia poi come il crollo avrebbe potuto avere conseguenze ben pi\u00f9 gravi:<\/p>\n\n\n\n<p>\u00abAnche in questo caso cittadini, turisti e studenti sono stati baciati dalla fortuna, come lo sono stati per decine di volte durante questi mesi\u00bb.<\/p>\n\n\n\n<p>Secondo il consigliere, la causa del cedimento sarebbe da ricondurre a potature scorrette e a scelte sbagliate nella gestione del verde:<\/p>\n\n\n\n<p>\u00abIl tiglio \u00e8 una pianta presente in tante zone del centro, com\u2019\u00e8 ovvio diventa imponente e pu\u00f2 raggiungere altezze superiori ai tanti edifici del centro citt\u00e0, e nel corso degli anni, proprio per non dare fastidio alle balconate dei residenti, \u00e8 stata potata in maniera sbagliata andando contro la sua stessa natura, lasciando solo la silhouette del tronco e qualche sprazzo di fogliame\u00bb.<\/p>\n\n\n\n<p>Ferrante ricorda che la pianta crollata, identificata come \u201ccodice 7\u201d, mostrava da tempo segni evidenti di squilibrio:<\/p>\n\n\n\n<p>\u00abNel caso specifico della pianta con codice 7 di via Giacomo Venezian (accanto Universit\u00e0, ricordiamo) non solo si \u00e8 perpetrato l\u2019errore summenzionato, ma si \u00e8 anche lasciata crescere la chioma lato strada piegando di fatto il tronco\u00bb.<\/p>\n\n\n\n<p>Infine, un monito amaro ai cittadini:<\/p>\n\n\n\n<p>\u00abBuona fortuna cari messinesi\u00bb.<\/p>\n","protected":false},"excerpt":{"rendered":"<p>Il forte spavento, per fortuna, non si \u00e8 trasformato in tragedia. Un grande tiglio \u00e8 crollato in via Giacomo Venezian, a pochi passi dall\u2019Universit\u00e0, senza causare feriti. Ma l\u2019episodio ha riacceso le polemiche sulla gestione del verde urbano. A sollevare il caso \u00e8 Domenico Gabriele Ferrante, consigliere del Movimento 5 Stelle nella IV Municipalit\u00e0 Centro [&hellip;]<\/p>\n","protected":false},"author":15,"featured_media":253165,"comment_status":"open","ping_status":"open","sticky":false,"template":"","format":"standard","meta":{"ub_ctt_via":"","_mi_skip_tracking":false},"categories":[5,6],"tags":[650,11737,5448,1203,6532,1103],"featured_image_src":"https:\/\/www.messinaoggi.it\/website\/wp-content\/uploads\/2025\/10\/FB_IMG_1761566920095.jpg","author_info":{"display_name":"red.me","author_link":"https:\/\/www.messinaoggi.it\/website\/author\/red-me\/"},"digistream_id":0,"digistream":false,"_links":{"self":[{"href":"https:\/\/www.messinaoggi.it\/website\/wp-json\/wp\/v2\/posts\/253162"}],"collection":[{"href":"https:\/\/www.messinaoggi.it\/website\/wp-json\/wp\/v2\/posts"}],"about":[{"href":"https:\/\/www.messinaoggi.it\/website\/wp-json\/wp\/v2\/types\/post"}],"author":[{"embeddable":true,"href":"https:\/\/www.messinaoggi.it\/website\/wp-json\/wp\/v2\/users\/15"}],"replies":[{"embeddable":true,"href":"https:\/\/www.messinaoggi.it\/website\/wp-json\/wp\/v2\/comments?post=253162"}],"version-history":[{"count":3,"href":"https:\/\/www.messinaoggi.it\/website\/wp-json\/wp\/v2\/posts\/253162\/revisions"}],"predecessor-version":[{"id":253166,"href":"https:\/\/www.messinaoggi.it\/website\/wp-json\/wp\/v2\/posts\/253162\/revisions\/253166"}],"wp:featuredmedia":[{"embeddable":true,"href":"https:\/\/www.messinaoggi.it\/website\/wp-json\/wp\/v2\/media\/253165"}],"wp:attachment":[{"href":"https:\/\/www.messinaoggi.it\/website\/wp-json\/wp\/v2\/media?parent=253162"}],"wp:term":[{"taxonomy":"category","embeddable":true,"href":"https:\/\/www.messinaoggi.it\/website\/wp-json\/wp\/v2\/categories?post=253162"},{"taxonomy":"post_tag","embeddable":true,"href":"https:\/\/www.messinaoggi.it\/website\/wp-json\/wp\/v2\/tags?post=253162"}],"curies":[{"name":"wp","href":"https:\/\/api.w.org\/{rel}","templated":true}]}}