{"id":253073,"date":"2025-10-25T16:06:45","date_gmt":"2025-10-25T14:06:45","guid":{"rendered":"https:\/\/www.messinaoggi.it\/website\/2025\/10\/25\/sarri-juve-alla-pari-con-il-real-lazio-umile-e-convinta\/"},"modified":"2025-10-25T16:06:45","modified_gmt":"2025-10-25T14:06:45","slug":"sarri-juve-alla-pari-con-il-real-lazio-umile-e-convinta","status":"publish","type":"post","link":"https:\/\/www.messinaoggi.it\/website\/2025\/10\/25\/sarri-juve-alla-pari-con-il-real-lazio-umile-e-convinta\/","title":{"rendered":"Sarri \u201cJuve alla pari con il Real, Lazio umile e convinta\u201d"},"content":{"rendered":"<div>ROMA (ITALPRESS) &#8211; <em>&#8220;Se dovessimo pensare di andare in campo domani senza avere momenti di sofferenza, saremmo dei folli. Quindi bisogna prepararsi a questo ma avere anche la convinzione che vogliamo mettere sotto una squadra che tre giorni fa ha giocato alla pari con il Real Madrid&#8221;<\/em>. E&#8217; questo quello che<strong> Maurizio Sarri vuole vedere dai propri giocatori domani sera, quando la Lazio ospiter\u00e0 all&#8217;Olimpico la Juventus nel big match dell&#8217;8^ giornata di Serie A<\/strong>.<div id=\"div-gpt-ad-Messinaoggi.it-DSK-300x250-corpoart\" style=\"text-align:center;margin:0 auto;\"><\/div><\/p>\n<p>Intervenuto in conferenza stampa, il tecnico dei biancocelesti ha aggiunto: <em>&#8220;Dobbiamo affrontare la partita con umilt\u00e0, consapevoli che ci saranno momenti di difficolt\u00e0 che vanno superati insieme con sacrificio e capacit\u00e0 di sofferenza&#8221;<\/em>. La Lazio \u00e8 reduce dal pareggio contro l&#8217;<strong>Atalanta<\/strong>: &#8220;<em>In questo momento siamo nella terra di nessuno. Da Bergamo siamo usciti con la consapevolezza che possiamo fare bene, ma dal punto di vista materiale siamo usciti come prima. Domani avremo ancora qualche giocatore che non \u00e8 al top, per\u00f2 togliamoci gli alibi: andiamo in campo e lottiamo come a Bergamo, che dal punto di vista della mentalit\u00e0 \u00e8 stato un passo avanti&#8221;.<br \/>\n<\/em><br \/>\nA proposito di infortuni, gli assenti saranno ancora molti: <em>&#8220;Il luogo comune, quando si parla di infortuni, \u00e8 che si \u00e8 sbagliato qualcosa nella preparazione. Ma sono mille i fattori che incidono, nel 2025 la preparazione non la sbaglia nessuno&#8221;<\/em>. Tra recidivi, problemi di lunga data e il rischio preso schierando nel derby <strong>Dele-Bashiru<\/strong> <em>&#8220;in brutte condizioni&#8221;<\/em>, Sarri <em>&#8220;conta&#8221;<\/em> solo due infortuni, quelli di<strong> Castellanos e Cancellieri,<\/strong> chiosando: <em>&#8220;E&#8217; normale che in due mesi ci siano delle problematiche&#8221;.<\/em><div id=\"videoincontent\" style=\"clear:both\";><\/div><\/p>\n<p>Qualche grattacapo in pi\u00f9 deriva dalla situazione di <strong>Rovella<\/strong>: &#8220;<em>Le scelte mediche sono individuali, ha scelto la terapia conservativa ma i tempi sono gli stessi dell&#8217;operazione. Il rischio \u00e8 che non funzioni e allora si andrebbe nell&#8217;altro modo, allungando ancora di pi\u00f9 i tempi<\/em> &#8211; sottolinea Sarri -. <em>La situazione \u00e8 complicata, spero che si risolva come ha deciso lui. E&#8217; una mancanza forte, ma per fortuna abbiamo Cataldi che lo ha sostituito in maniera positiva&#8221;.<\/em><\/p>\n<p>Nonostante i problemi, per\u00f2, gli obiettivi a medio-lungo termine sono chiari: &#8220;<em>L&#8217;obiettivo finale \u00e8 essere competitivi per tornare nell&#8217;Europa vera. E&#8217; un obiettivo che ha bisogno della partecipazione di tutti. Poi, durante il percorso, ci saranno momenti in cui non saremo n\u00e8 carne n\u00e8 pesce, ma fa parte della normalit\u00e0&#8221;.<br \/>\n<\/em><br \/>\nSarri risponde sulle voci che riguardano il suo futuro. <em>&#8220;Col direttore ho sempre avuto un buon rapporto, poi non vuol dire che non si possa vedere alcune cose in maniera diversa. Con il presidente ci ho parlato ieri sera. E&#8217; tutto nella norma. Mi \u00e8 stato detto che sui giornali si \u00e8 parlato del mio contratto, ma non capisco in base a cosa. Ho un contratto triennale firmato tre mesi fa, non ci sono novit\u00e0, non so perch\u00e8 se ne \u00e8 parlato<\/em>&#8220;, ha spiegato il tecnico biancocelete, un ex tornando alla partita di domani.<\/p>\n<p><em>&#8220;Alla Juve sono stato solo una stagione, in cui da met\u00e0 in poi abbiamo giocato senza pubblico, quindi un&#8217;annata particolare. C&#8217;\u00e8 stata la soddisfazione di vincere uno<\/em><br \/>\n<em>scudetto con una squadra che, come poi si \u00e8 visto, era a fine ciclo&#8221;.<\/em><br \/>\n&#8211; Foto Ipa Agency &#8211;<br \/>\n(ITALPRESS).<\/div>\n","protected":false},"excerpt":{"rendered":"<p>ROMA (ITALPRESS) &#8211; &#8220;Se dovessimo pensare di andare in campo domani senza avere momenti di sofferenza, saremmo dei folli. Quindi bisogna prepararsi a questo ma avere anche la convinzione che vogliamo mettere sotto una squadra che tre giorni fa ha giocato alla pari con il Real Madrid&#8221;. E&#8217; questo quello che Maurizio Sarri vuole vedere [&hellip;]<\/p>\n","protected":false},"author":18,"featured_media":253074,"comment_status":"closed","ping_status":"closed","sticky":false,"template":"","format":"standard","meta":{"ub_ctt_via":"","_mi_skip_tracking":false},"categories":[446],"tags":[783],"featured_image_src":"https:\/\/www.messinaoggi.it\/website\/wp-content\/uploads\/2025\/10\/20251025_1063.jpg","author_info":{"display_name":"Admin","author_link":"https:\/\/www.messinaoggi.it\/website\/author\/admin\/"},"digistream_id":0,"digistream":false,"_links":{"self":[{"href":"https:\/\/www.messinaoggi.it\/website\/wp-json\/wp\/v2\/posts\/253073"}],"collection":[{"href":"https:\/\/www.messinaoggi.it\/website\/wp-json\/wp\/v2\/posts"}],"about":[{"href":"https:\/\/www.messinaoggi.it\/website\/wp-json\/wp\/v2\/types\/post"}],"author":[{"embeddable":true,"href":"https:\/\/www.messinaoggi.it\/website\/wp-json\/wp\/v2\/users\/18"}],"replies":[{"embeddable":true,"href":"https:\/\/www.messinaoggi.it\/website\/wp-json\/wp\/v2\/comments?post=253073"}],"version-history":[{"count":0,"href":"https:\/\/www.messinaoggi.it\/website\/wp-json\/wp\/v2\/posts\/253073\/revisions"}],"wp:featuredmedia":[{"embeddable":true,"href":"https:\/\/www.messinaoggi.it\/website\/wp-json\/wp\/v2\/media\/253074"}],"wp:attachment":[{"href":"https:\/\/www.messinaoggi.it\/website\/wp-json\/wp\/v2\/media?parent=253073"}],"wp:term":[{"taxonomy":"category","embeddable":true,"href":"https:\/\/www.messinaoggi.it\/website\/wp-json\/wp\/v2\/categories?post=253073"},{"taxonomy":"post_tag","embeddable":true,"href":"https:\/\/www.messinaoggi.it\/website\/wp-json\/wp\/v2\/tags?post=253073"}],"curies":[{"name":"wp","href":"https:\/\/api.w.org\/{rel}","templated":true}]}}