{"id":253056,"date":"2025-10-25T13:10:13","date_gmt":"2025-10-25T11:10:13","guid":{"rendered":"http:\/\/www.messinaoggi.it\/website\/?p=253056"},"modified":"2025-10-25T13:10:18","modified_gmt":"2025-10-25T11:10:18","slug":"expo-medicina-convegno-di-asp-messina-su-medicina-di-prossimita-risposte-nuove-per-bisogni-complessi","status":"publish","type":"post","link":"https:\/\/www.messinaoggi.it\/website\/2025\/10\/25\/expo-medicina-convegno-di-asp-messina-su-medicina-di-prossimita-risposte-nuove-per-bisogni-complessi\/","title":{"rendered":"Expo Medicina, convegno di Asp Messina su \u201cMedicina di prossimit\u00e0: risposte nuove per bisogni complessi\u201d"},"content":{"rendered":"\n<p>Saranno l\u2019assistenza sanitaria territoriale e i servizi medici integrati e l\u2019utilizzo delle nuove tecnologie i temi al centro del Convegno \u201cMedicina di prossimit\u00e0: risposte nuove per bisogni complessi\u201d che si terr\u00e0 il 28 ottobre 2025 alle ore 15 a Palermo, nell\u2019ambito della V edizione di ExpoMedicina, il Salone Euromediterraneo dell\u2019Innovazione Tecnologica in Sanit\u00e0 che avr\u00e0 luogo dal 26 al 29 ottobre alla Fiera del Mediterraneo.<div id=\"div-gpt-ad-Messinaoggi.it-DSK-300x250-corpoart\" style=\"text-align:center;margin:0 auto;\"><\/div><\/p>\n\n\n\n<p>Il Convegno, organizzato dall\u2019Asp di Messina, sar\u00e0 un confronto aperto tra professionisti e istituzioni su un tema di stringente attualit\u00e0: come la sanit\u00e0 pubblica possa e debba essere pi\u00f9 vicina alle persone, attraverso innovazione, prevenzione e nuovi modelli organizzativi che mettano al primo posto i cittadini e i loro bisogni. Dopo l\u2019esperienza del Covid, la gestione della sanit\u00e0 pubblica, i suoi limiti e contemporaneamente le possibilit\u00e0 offerte dalla digitalizzazione e dagli investimenti provenienti dal Piano nazionale di ripresa e resilienza, sono al centro del dibattito pubblico.<div id=\"videoincontent\" style=\"clear:both\";><\/div><\/p>\n\n\n\n<p>Si discuter\u00e0 di nuovi modelli organizzativi per la medicina territoriale, naturalmente, con particolare attenzione ai percorsi di presa in carico, come garantire e come assicurare la continuit\u00e0 assistenziale. Di \u201cumanizzazione della cura\u201d e di come questa sia resa possibile proprio grazie all\u2019ausilio delle nuove tecnologie, messe a disposizione dei cittadini. Saranno presentate alcune importanti novit\u00e0 realizzate dall&#8217;Asp di Messina come i droni che trasportano sangue e farmaci dall&#8217;ospedale di Patti a quello di Lipari, il progetto di educazione stradale che sar\u00e0 presentato nelle scuole dopo essere stato illustrato negli svincoli autostradali, nelle piazze, nei lidi e nei traghetti e aliscafi, la telemedicina in carcere e l&#8217;App continuit\u00e0 di cura che permettono, grazie alle nuove tecnologie, di essere pi\u00f9  vicini ai pazienti e ai loro bisogni.<\/p>\n\n\n\n<figure class=\"wp-block-image size-large is-resized\"><img loading=\"lazy\" src=\"http:\/\/www.messinaoggi.it\/website\/wp-content\/uploads\/2025\/10\/IMG-20251024-WA0025-724x1024.jpg\" alt=\"\" class=\"wp-image-253063\" width=\"572\" height=\"809\" srcset=\"https:\/\/www.messinaoggi.it\/website\/wp-content\/uploads\/2025\/10\/IMG-20251024-WA0025-724x1024.jpg 724w, https:\/\/www.messinaoggi.it\/website\/wp-content\/uploads\/2025\/10\/IMG-20251024-WA0025-212x300.jpg 212w, https:\/\/www.messinaoggi.it\/website\/wp-content\/uploads\/2025\/10\/IMG-20251024-WA0025-768x1086.jpg 768w, https:\/\/www.messinaoggi.it\/website\/wp-content\/uploads\/2025\/10\/IMG-20251024-WA0025-1086x1536.jpg 1086w, https:\/\/www.messinaoggi.it\/website\/wp-content\/uploads\/2025\/10\/IMG-20251024-WA0025.jpg 1241w\" sizes=\"(max-width: 572px) 100vw, 572px\" \/><\/figure>\n\n\n\n<p>E ancora, imprescindibile, il ruolo delle istituzioni e delle aziende sanitarie nell\u2019individuazione e messa in campo di modelli di gestione capaci di affrontare le grandi difficolt\u00e0 del nostro Servizio sanitario, a partire del dramma della carenza di personale, e garantire risposte a un sistema che deve mantenere in primis il suo carattere di uguaglianza e universalismo. Non mancheranno inoltre esempi di esperienze e buone pratiche di prossimit\u00e0.<\/p>\n\n\n\n<p>L\u2019evento, moderato dalla professionalit\u00e0 della Vicedirettrice Rainews24, <strong>Tindara Caccetta<\/strong>, con i saluti istituzionali dell\u2019Assessore alla Salute della Regione Sicilia, la dottoressa <strong>Daniela Faraoni<\/strong>, vedr\u00e0 il susseguirsi degli interventi dell\u2019ex Sottosegretario alla Salute con il governo Draghi e oggi Consulente del ministero, <strong>Andrea Costa<\/strong>, che parler\u00e0 di \u201cPnrr e le opportunit\u00e0 per il nostro SSN\u201d, per proseguire con il Direttore Generale della ASP Messina, il dottor <strong>Giuseppe Cucc\u00ec<\/strong>, che parler\u00e0 dell\u2019umanit\u00e0 della cura e della piccola \u201crivoluzione gentile\u201d messa in campo dall\u2019inizio del suo mandato e di come la tecnologia se messa a servizio dei pazienti e delle loro famiglie possa avvicinare il Ssn e i suoi servizi alle persone (\u201cASP Messina, la salute pi\u00f9 vicina a te\u201d). A seguire, il Direttore sanitario dell\u2019ASP di Palermo, il dottor <strong>Antonino Levita<\/strong>, racconter\u00e0 il modello sperimentato sotto la sua direzione \u201cL\u2019Open day itinerante della prevenzione dell\u2019ASP Palermo: un modello di sanit\u00e0 di prossimit\u00e0 inSicilia\u201d, mentre <strong>Noemi Lopes<\/strong>, Vice Segretario Generale FIMMG, Federazione Italiana Medici di Medicina Generale, esporr\u00e0 \u201cIl punto di vista dei medici di famiglia\u201d, che costituiscono la prima grande porta d\u2019accesso nel percorso di accoglienza e cura dei pazienti. In conclusione, star\u00e0 al dottor <strong>Paolo Ursillo<\/strong>, dirigente Agenas, spiegare i Nuovi modelli organizzativi per la medicina territoriale: la riforma del DM77\/2022 e gli ultimi risultati del monitoraggio.<\/p>\n","protected":false},"excerpt":{"rendered":"<p>Saranno l\u2019assistenza sanitaria territoriale e i servizi medici integrati e l\u2019utilizzo delle nuove tecnologie i temi al centro del Convegno \u201cMedicina di prossimit\u00e0: risposte nuove per bisogni complessi\u201d che si terr\u00e0 il 28 ottobre 2025 alle ore 15 a Palermo, nell\u2019ambito della V edizione di ExpoMedicina, il Salone Euromediterraneo dell\u2019Innovazione Tecnologica in Sanit\u00e0 che avr\u00e0 [&hellip;]<\/p>\n","protected":false},"author":15,"featured_media":253062,"comment_status":"open","ping_status":"open","sticky":false,"template":"","format":"standard","meta":{"ub_ctt_via":"","_mi_skip_tracking":false},"categories":[5,6],"tags":[40,3198,11735,11736],"featured_image_src":"https:\/\/www.messinaoggi.it\/website\/wp-content\/uploads\/2025\/10\/IMG-20251024-WA0024.jpg","author_info":{"display_name":"red.me","author_link":"https:\/\/www.messinaoggi.it\/website\/author\/red-me\/"},"digistream_id":0,"digistream":false,"_links":{"self":[{"href":"https:\/\/www.messinaoggi.it\/website\/wp-json\/wp\/v2\/posts\/253056"}],"collection":[{"href":"https:\/\/www.messinaoggi.it\/website\/wp-json\/wp\/v2\/posts"}],"about":[{"href":"https:\/\/www.messinaoggi.it\/website\/wp-json\/wp\/v2\/types\/post"}],"author":[{"embeddable":true,"href":"https:\/\/www.messinaoggi.it\/website\/wp-json\/wp\/v2\/users\/15"}],"replies":[{"embeddable":true,"href":"https:\/\/www.messinaoggi.it\/website\/wp-json\/wp\/v2\/comments?post=253056"}],"version-history":[{"count":6,"href":"https:\/\/www.messinaoggi.it\/website\/wp-json\/wp\/v2\/posts\/253056\/revisions"}],"predecessor-version":[{"id":253064,"href":"https:\/\/www.messinaoggi.it\/website\/wp-json\/wp\/v2\/posts\/253056\/revisions\/253064"}],"wp:featuredmedia":[{"embeddable":true,"href":"https:\/\/www.messinaoggi.it\/website\/wp-json\/wp\/v2\/media\/253062"}],"wp:attachment":[{"href":"https:\/\/www.messinaoggi.it\/website\/wp-json\/wp\/v2\/media?parent=253056"}],"wp:term":[{"taxonomy":"category","embeddable":true,"href":"https:\/\/www.messinaoggi.it\/website\/wp-json\/wp\/v2\/categories?post=253056"},{"taxonomy":"post_tag","embeddable":true,"href":"https:\/\/www.messinaoggi.it\/website\/wp-json\/wp\/v2\/tags?post=253056"}],"curies":[{"name":"wp","href":"https:\/\/api.w.org\/{rel}","templated":true}]}}