{"id":253049,"date":"2025-10-25T12:57:58","date_gmt":"2025-10-25T10:57:58","guid":{"rendered":"http:\/\/www.messinaoggi.it\/website\/?p=253049"},"modified":"2025-10-25T12:58:00","modified_gmt":"2025-10-25T10:58:00","slug":"vogliamo-lacqua-dal-rubinetto-compie-un-anno-e-unisce-la-sua-voce-a-quella-dei-comitati-siciliani","status":"publish","type":"post","link":"https:\/\/www.messinaoggi.it\/website\/2025\/10\/25\/vogliamo-lacqua-dal-rubinetto-compie-un-anno-e-unisce-la-sua-voce-a-quella-dei-comitati-siciliani\/","title":{"rendered":"Vogliamo l&#8217;acqua dal rubinetto compie un anno e unisce la sua voce a quella dei comitati siciliani"},"content":{"rendered":"\n<p>&#8220;Perch\u00e9 non possiamo sapere che Acqua beviamo?&#8221; &#8211; &#8220;Perch\u00e9 non viene sfruttata l&#8217;acqua delle sorgenti e dei pozzi di Messina?&#8221; &#8211; &#8220;Perch\u00e9 non mantenere la gestione dell&#8217;acqua in mani pubbliche?&#8221;: sono solo alcune delle domande che il Comitato &#8220;Vogliamo l&#8217;acqua dal rubinetto!&#8221; ha posto ad alta voce oggi a Palazzo Zanca in occasione del convegno &#8220;Acqua in Sicilia: quale futuro?&#8221; a cui hanno partecipato alcune realt\u00e0 associative e di movimento siciliane.<div id=\"div-gpt-ad-Messinaoggi.it-DSK-300x250-corpoart\" style=\"text-align:center;margin:0 auto;\"><\/div><\/p>\n\n\n\n<p>Nell&#8217;occasione \u00e8 stato illustrato il contenuto del dossier che ora \u00e8 disponibile per tutte\/i sulla pagina fb del Comitato. In particolare <strong>Ciccio Mucciardi<\/strong> ha ricordato le battaglie del Comitato che proprio oggi compie un anno di attivit\u00e0; <strong>Rino Baeli<\/strong> ha illustrato le mappe delle ingenti risorse idriche presenti nel nostro comune; <strong>Mariangela Pizzo<\/strong> ha raccontato il caso dell&#8217;arsenico nell&#8217;acqua di Nizza; <strong>Patrizia Cammaroto<\/strong> ha esaminato le numerose richieste avanzate dal Comitato agli organi competenti ottenendo risposte ambigue e poco trasparenti; <strong>Nicola Arena<\/strong> ha ricordato la battaglia per l&#8217;acqua pubblica contro la decisione della commissaria regionale dell&#8217;Ati di privatizzare la gestione del servizio idrico del messinese.<div id=\"videoincontent\" style=\"clear:both\";><\/div><\/p>\n\n\n\n<p>Dopo l&#8217;illustrazione del dossier sull&#8217;acqua a Messina la parola \u00e8 passata alle realt\u00e0 invitate. <strong>Anna Bonforte<\/strong> da Catania del Forum Acqua Bene Comune ha ricordato la battaglia per l&#8217;acqua pubblica in Sicilia, evidenziando l&#8217;importanza di agire in rete e di resistere alle minacce di privatizzazione che persistono in tutta la Sicilia.<\/p>\n\n\n\n<figure class=\"wp-block-image size-large\"><img loading=\"lazy\" width=\"1024\" height=\"865\" src=\"http:\/\/www.messinaoggi.it\/website\/wp-content\/uploads\/2025\/10\/IMG-20251024-WA0085-1024x865.jpg\" alt=\"\" class=\"wp-image-253054\" srcset=\"https:\/\/www.messinaoggi.it\/website\/wp-content\/uploads\/2025\/10\/IMG-20251024-WA0085-1024x865.jpg 1024w, https:\/\/www.messinaoggi.it\/website\/wp-content\/uploads\/2025\/10\/IMG-20251024-WA0085-300x254.jpg 300w, https:\/\/www.messinaoggi.it\/website\/wp-content\/uploads\/2025\/10\/IMG-20251024-WA0085-768x649.jpg 768w, https:\/\/www.messinaoggi.it\/website\/wp-content\/uploads\/2025\/10\/IMG-20251024-WA0085-1536x1298.jpg 1536w, https:\/\/www.messinaoggi.it\/website\/wp-content\/uploads\/2025\/10\/IMG-20251024-WA0085.jpg 1600w\" sizes=\"(max-width: 1024px) 100vw, 1024px\" \/><\/figure>\n\n\n\n<p><strong>Giuseppe Maria Amato<\/strong> da Enna di Legambiente Sicilia ha messo in luce l&#8217;incredibile stato in cui versano le dighe siciliane, documentato da un dettagliato report dell&#8217;associazione i cui contenuti si ritrovano ampiamente nella recente relazione della Corte dei Conti sugli invasi siciliani.<\/p>\n\n\n\n<p><strong>Stefano<\/strong> da Palermo di Ape (Assemblea Popolare Ecologista) ha inserito il tema dell&#8217;acqua nell&#8217;ambito dei cambiamenti climatici e delle situazioni di marginalit\u00e0 economiche e sociale delle nostre citt\u00e0.<\/p>\n\n\n\n<p><strong>Salvo Irrera<\/strong> del Comitato Jonico Beni Comuni ha inviato un documento con il quale ha ricordato l&#8217;importanza della difesa dell&#8217;acqua come bene comune, confermando l&#8217;impegno che ci accomuna nella battaglia per una maggiore trasparenza nella pianificazione, realizzazione e gestione di opere e servizi pubblici.<\/p>\n\n\n\n<p>Di particolare interesse l&#8217;intervento del prof. <strong>Palmiro Mannino<\/strong> di Randazzo, che ha parlato delle risorse idriche della Sicilia ed in particolare della provincia di Messina. <\/p>\n\n\n\n<p>Nel corso del convegno \u00e8 stata accolta con uno scrosciante applauso la notizia che la Corte dei Conti ha individuato diversi motivi per rifiutare la registrazione della delibera del Cipess sul progetto definitivo del ponte sullo Stretto, rimettendo la decisione all&#8217;organo collegiale della Corte.<\/p>\n\n\n\n<p>A conclusione del convegno \u00e8 stata annunciata l&#8217;adesione del comitato al <strong>Forum Acqua Bene Comune<\/strong> ed \u00e8 stata data lettura del Manifesto del Comitato. <\/p>\n\n\n\n<p><\/p>\n","protected":false},"excerpt":{"rendered":"<p>&#8220;Perch\u00e9 non possiamo sapere che Acqua beviamo?&#8221; &#8211; &#8220;Perch\u00e9 non viene sfruttata l&#8217;acqua delle sorgenti e dei pozzi di Messina?&#8221; &#8211; &#8220;Perch\u00e9 non mantenere la gestione dell&#8217;acqua in mani pubbliche?&#8221;: sono solo alcune delle domande che il Comitato &#8220;Vogliamo l&#8217;acqua dal rubinetto!&#8221; ha posto ad alta voce oggi a Palazzo Zanca in occasione del convegno [&hellip;]<\/p>\n","protected":false},"author":15,"featured_media":253053,"comment_status":"open","ping_status":"open","sticky":false,"template":"","format":"standard","meta":{"ub_ctt_via":"","_mi_skip_tracking":false},"categories":[4,6],"tags":[8313,11734,10737],"featured_image_src":"https:\/\/www.messinaoggi.it\/website\/wp-content\/uploads\/2025\/10\/IMG-20251024-WA0079.jpg","author_info":{"display_name":"red.me","author_link":"https:\/\/www.messinaoggi.it\/website\/author\/red-me\/"},"digistream_id":0,"digistream":false,"_links":{"self":[{"href":"https:\/\/www.messinaoggi.it\/website\/wp-json\/wp\/v2\/posts\/253049"}],"collection":[{"href":"https:\/\/www.messinaoggi.it\/website\/wp-json\/wp\/v2\/posts"}],"about":[{"href":"https:\/\/www.messinaoggi.it\/website\/wp-json\/wp\/v2\/types\/post"}],"author":[{"embeddable":true,"href":"https:\/\/www.messinaoggi.it\/website\/wp-json\/wp\/v2\/users\/15"}],"replies":[{"embeddable":true,"href":"https:\/\/www.messinaoggi.it\/website\/wp-json\/wp\/v2\/comments?post=253049"}],"version-history":[{"count":4,"href":"https:\/\/www.messinaoggi.it\/website\/wp-json\/wp\/v2\/posts\/253049\/revisions"}],"predecessor-version":[{"id":253055,"href":"https:\/\/www.messinaoggi.it\/website\/wp-json\/wp\/v2\/posts\/253049\/revisions\/253055"}],"wp:featuredmedia":[{"embeddable":true,"href":"https:\/\/www.messinaoggi.it\/website\/wp-json\/wp\/v2\/media\/253053"}],"wp:attachment":[{"href":"https:\/\/www.messinaoggi.it\/website\/wp-json\/wp\/v2\/media?parent=253049"}],"wp:term":[{"taxonomy":"category","embeddable":true,"href":"https:\/\/www.messinaoggi.it\/website\/wp-json\/wp\/v2\/categories?post=253049"},{"taxonomy":"post_tag","embeddable":true,"href":"https:\/\/www.messinaoggi.it\/website\/wp-json\/wp\/v2\/tags?post=253049"}],"curies":[{"name":"wp","href":"https:\/\/api.w.org\/{rel}","templated":true}]}}