{"id":253008,"date":"2025-10-24T18:06:39","date_gmt":"2025-10-24T16:06:39","guid":{"rendered":"https:\/\/www.messinaoggi.it\/website\/2025\/10\/24\/si-insedia-il-nuovo-cda-dellenpaf-maurizio-pace-eletto-presidente\/"},"modified":"2025-10-24T18:06:39","modified_gmt":"2025-10-24T16:06:39","slug":"si-insedia-il-nuovo-cda-dellenpaf-maurizio-pace-eletto-presidente","status":"publish","type":"post","link":"https:\/\/www.messinaoggi.it\/website\/2025\/10\/24\/si-insedia-il-nuovo-cda-dellenpaf-maurizio-pace-eletto-presidente\/","title":{"rendered":"Si insedia il nuovo Cda dell\u2019Enpaf, Maurizio Pace eletto presidente"},"content":{"rendered":"<div>ROMA (ITALPRESS) &#8211; Il nuovo Consiglio di Amministrazione dell&#8217;Enpaf (Ente Nazionale di Previdenza e Assistenza Farmacisti) si \u00e8 ufficialmente insediato il 22 ottobre, segnando l&#8217;avvio di una fase di rinnovamento nella governance della Cassa dei Farmacisti. Nel corso della seduta sono stati eletti il Presidente, il Vicepresidente e i tre componenti del Comitato Esecutivo.<br \/>Maurizio Pace \u00e8 stato eletto Presidente, mentre Eugenio Leopardi ricoprir\u00e0 il ruolo di Vicepresidente. <br \/>I tre componenti del Comitato Esecutivo sono Luciano Diomedi, Vincenzo Danilo Lozupone e Paolo Savigni.<br \/>&#8220;Ringrazio i colleghi del Consiglio per la fiducia accordatami. Il nostro impegno sar\u00e0 quello di avviare una stagione di rinnovamento, caratterizzata da un attento ascolto delle esigenze dei farmacisti e da un processo di riforma che rafforzi il patto di fiducia tra le generazioni della categoria &#8211; ha dichiarato il Presidente Pace -. Vogliamo garantire equilibrio, stabilit\u00e0 economica e maggiore flessibilit\u00e0 nelle prestazioni previdenziali, continuando a tutelare con solidit\u00e0 e trasparenza la previdenza e il benessere dei nostri iscritti. Un ringraziamento speciale va al Presidente uscente Emilio Croce e al Consiglio precedente per la gestione prudente e rigorosa che consegna una Cassa solida e pronta alle sfide future&#8221;.<br \/>Con questo nuovo assetto, l&#8217;Enpaf conferma la continuit\u00e0 della propria missione istituzionale, rafforzando l&#8217;attenzione verso le esigenze dei farmacisti e puntando su innovazione e sostenibilit\u00e0 della previdenza.<div id=\"div-gpt-ad-Messinaoggi.it-DSK-300x250-corpoart\" style=\"text-align:center;margin:0 auto;\"><\/div><\/p>\n<p>&#8211; Foto ufficio stampa Enpaf &#8211;<div id=\"videoincontent\" style=\"clear:both\";><\/div><\/p>\n<p>(ITALPRESS).<\/p><\/div>\n","protected":false},"excerpt":{"rendered":"<p>ROMA (ITALPRESS) &#8211; Il nuovo Consiglio di Amministrazione dell&#8217;Enpaf (Ente Nazionale di Previdenza e Assistenza Farmacisti) si \u00e8 ufficialmente insediato il 22 ottobre, segnando l&#8217;avvio di una fase di rinnovamento nella governance della Cassa dei Farmacisti. Nel corso della seduta sono stati eletti il Presidente, il Vicepresidente e i tre componenti del Comitato Esecutivo.Maurizio Pace [&hellip;]<\/p>\n","protected":false},"author":18,"featured_media":253009,"comment_status":"closed","ping_status":"closed","sticky":false,"template":"","format":"standard","meta":{"ub_ctt_via":"","_mi_skip_tracking":false},"categories":[446],"tags":[783],"featured_image_src":"https:\/\/www.messinaoggi.it\/website\/wp-content\/uploads\/2025\/10\/20251024_2163.jpg","author_info":{"display_name":"Admin","author_link":"https:\/\/www.messinaoggi.it\/website\/author\/admin\/"},"digistream_id":0,"digistream":false,"_links":{"self":[{"href":"https:\/\/www.messinaoggi.it\/website\/wp-json\/wp\/v2\/posts\/253008"}],"collection":[{"href":"https:\/\/www.messinaoggi.it\/website\/wp-json\/wp\/v2\/posts"}],"about":[{"href":"https:\/\/www.messinaoggi.it\/website\/wp-json\/wp\/v2\/types\/post"}],"author":[{"embeddable":true,"href":"https:\/\/www.messinaoggi.it\/website\/wp-json\/wp\/v2\/users\/18"}],"replies":[{"embeddable":true,"href":"https:\/\/www.messinaoggi.it\/website\/wp-json\/wp\/v2\/comments?post=253008"}],"version-history":[{"count":0,"href":"https:\/\/www.messinaoggi.it\/website\/wp-json\/wp\/v2\/posts\/253008\/revisions"}],"wp:featuredmedia":[{"embeddable":true,"href":"https:\/\/www.messinaoggi.it\/website\/wp-json\/wp\/v2\/media\/253009"}],"wp:attachment":[{"href":"https:\/\/www.messinaoggi.it\/website\/wp-json\/wp\/v2\/media?parent=253008"}],"wp:term":[{"taxonomy":"category","embeddable":true,"href":"https:\/\/www.messinaoggi.it\/website\/wp-json\/wp\/v2\/categories?post=253008"},{"taxonomy":"post_tag","embeddable":true,"href":"https:\/\/www.messinaoggi.it\/website\/wp-json\/wp\/v2\/tags?post=253008"}],"curies":[{"name":"wp","href":"https:\/\/api.w.org\/{rel}","templated":true}]}}