{"id":252990,"date":"2025-10-24T14:06:41","date_gmt":"2025-10-24T12:06:41","guid":{"rendered":"https:\/\/www.messinaoggi.it\/website\/2025\/10\/24\/mattarella-onu-non-e-un-orpello-dallitalia-fermo-sostegno-a-multilateralismo\/"},"modified":"2025-10-24T14:06:41","modified_gmt":"2025-10-24T12:06:41","slug":"mattarella-onu-non-e-un-orpello-dallitalia-fermo-sostegno-a-multilateralismo","status":"publish","type":"post","link":"https:\/\/www.messinaoggi.it\/website\/2025\/10\/24\/mattarella-onu-non-e-un-orpello-dallitalia-fermo-sostegno-a-multilateralismo\/","title":{"rendered":"Mattarella \u201cOnu non \u00e8 un orpello, dall\u2019Italia fermo sostegno a multilateralismo\u201d"},"content":{"rendered":"<div>ROMA (ITALPRESS) &#8211; &#8220;L&#8217;ottantesimo anniversario dalla istituzione dell&#8217;Organizzazione delle Nazioni Unite consente di riaffermare il fermo sostegno dell&#8217;Italia al multilateralismo, di cui l&#8217;ONU, organizzazione internazionale a vocazione universale, costituisce il pilastro fondamentale. A ottanta anni dalla sua entrata in vigore, \u00e8 irrinunciabile sottolineare i valori portanti della Carta delle Nazioni Unite &#8211; articolati nei tre pilastri della pace, dello sviluppo e della tutela dei diritti umani &#8211; e riaffermare il dovere di promuoverli giorno dopo giorno, a sostegno della dignit\u00e0 di ogni popolo e di ogni persona&#8221;. Lo afferma il presidente della Repubblica, Sergio Mattarella, in occasione dell&#8217;ottantesima Giornata delle Nazioni Unite.<br \/>&#8220;L&#8217;impegno italiano nelle Nazioni Unite \u00e8 asse portante della politica estera del nostro Paese, in attuazione di quanto sancito dall&#8217;articolo 11 della Costituzione. Credere e investire nelle Nazioni Unite implica agire per trasformare in azioni concrete il principio della solidariet\u00e0 internazionale e di un ordine mondiale basato sul rispetto delle regole &#8211; aggiunge il capo dello Stato -. Significa promuovere una logica di collaborazione e rispetto fra gli Stati, alternativa a quella della sopraffazione. Convincimenti che appaiono oggi tanto pi\u00f9 fondati e decisivi a fronte di impellenti sfide globali e dell&#8217;allarmante diffusione di conflitti armati&#8221;.<br \/>&#8220;L&#8217;ONU non \u00e8 un superfluo orpello diplomatico o foro di dibattito fine a s\u00e8 stesso: da esso dipendono le sorti di una Comunit\u00e0 degli Stati pacificata e cooperativa, realizzando i nobili ideali di quanti ne concepirono l&#8217;istituzione dopo le immani tragedie dei due conflitti mondiali nel secolo scorso &#8211; conclude Mattarella -. In questa prospettiva, la Repubblica Italiana rimane fortemente determinata a impegnarsi affinch\u00e8 l&#8217;ONU evolva in un&#8217;organizzazione sempre pi\u00f9 capace di rispondere alle crisi e alle sfide della nostra epoca, sostenendo l&#8217;iniziativa &#8220;UN80&#8243; avviata dal Segretario Generale e auspicando una riforma del Consiglio di Sicurezza che lo renda pi\u00f9 rappresentativo, responsabile ed efficace&#8221;.<div id=\"div-gpt-ad-Messinaoggi.it-DSK-300x250-corpoart\" style=\"text-align:center;margin:0 auto;\"><\/div><\/p>\n<p>&#8211; Foto ufficio stampa Quirinale &#8211;<div id=\"videoincontent\" style=\"clear:both\";><\/div><\/p>\n<p>(ITALPRESS).<\/p><\/div>\n","protected":false},"excerpt":{"rendered":"<p>ROMA (ITALPRESS) &#8211; &#8220;L&#8217;ottantesimo anniversario dalla istituzione dell&#8217;Organizzazione delle Nazioni Unite consente di riaffermare il fermo sostegno dell&#8217;Italia al multilateralismo, di cui l&#8217;ONU, organizzazione internazionale a vocazione universale, costituisce il pilastro fondamentale. A ottanta anni dalla sua entrata in vigore, \u00e8 irrinunciabile sottolineare i valori portanti della Carta delle Nazioni Unite &#8211; articolati nei tre [&hellip;]<\/p>\n","protected":false},"author":18,"featured_media":252991,"comment_status":"closed","ping_status":"closed","sticky":false,"template":"","format":"standard","meta":{"ub_ctt_via":"","_mi_skip_tracking":false},"categories":[446],"tags":[783],"featured_image_src":"https:\/\/www.messinaoggi.it\/website\/wp-content\/uploads\/2025\/10\/20251024_0473.jpg","author_info":{"display_name":"Admin","author_link":"https:\/\/www.messinaoggi.it\/website\/author\/admin\/"},"digistream_id":0,"digistream":false,"_links":{"self":[{"href":"https:\/\/www.messinaoggi.it\/website\/wp-json\/wp\/v2\/posts\/252990"}],"collection":[{"href":"https:\/\/www.messinaoggi.it\/website\/wp-json\/wp\/v2\/posts"}],"about":[{"href":"https:\/\/www.messinaoggi.it\/website\/wp-json\/wp\/v2\/types\/post"}],"author":[{"embeddable":true,"href":"https:\/\/www.messinaoggi.it\/website\/wp-json\/wp\/v2\/users\/18"}],"replies":[{"embeddable":true,"href":"https:\/\/www.messinaoggi.it\/website\/wp-json\/wp\/v2\/comments?post=252990"}],"version-history":[{"count":0,"href":"https:\/\/www.messinaoggi.it\/website\/wp-json\/wp\/v2\/posts\/252990\/revisions"}],"wp:featuredmedia":[{"embeddable":true,"href":"https:\/\/www.messinaoggi.it\/website\/wp-json\/wp\/v2\/media\/252991"}],"wp:attachment":[{"href":"https:\/\/www.messinaoggi.it\/website\/wp-json\/wp\/v2\/media?parent=252990"}],"wp:term":[{"taxonomy":"category","embeddable":true,"href":"https:\/\/www.messinaoggi.it\/website\/wp-json\/wp\/v2\/categories?post=252990"},{"taxonomy":"post_tag","embeddable":true,"href":"https:\/\/www.messinaoggi.it\/website\/wp-json\/wp\/v2\/tags?post=252990"}],"curies":[{"name":"wp","href":"https:\/\/api.w.org\/{rel}","templated":true}]}}