{"id":252981,"date":"2025-10-24T12:06:47","date_gmt":"2025-10-24T10:06:47","guid":{"rendered":"https:\/\/www.messinaoggi.it\/website\/2025\/10\/24\/acinque-cetti-sostenibilita-e-capitale-umano-al-centro-della-strategia\/"},"modified":"2025-10-24T12:06:47","modified_gmt":"2025-10-24T10:06:47","slug":"acinque-cetti-sostenibilita-e-capitale-umano-al-centro-della-strategia","status":"publish","type":"post","link":"https:\/\/www.messinaoggi.it\/website\/2025\/10\/24\/acinque-cetti-sostenibilita-e-capitale-umano-al-centro-della-strategia\/","title":{"rendered":"Acinque, Cetti \u201cSostenibilit\u00e0 e capitale umano al centro della strategia\u201d"},"content":{"rendered":"<div>MILANO (ITALPRESS) &#8211; &#8220;Il piano industriale per i prossimi 24 mesi parla di sostenibilit\u00e0, di efficienza energetica, sviluppo sul territorio, ma anche degli altri nostri business: gas ed elettricit\u00e0, teleriscaldamento, reti idriche, tutto quello che i nostri territori ci chiedono di sviluppare per una transizione ambientale ed energetica sostenibile&#8221;. Lo afferma Stefano Cetti, amministratore delegato di Acinque, multiutility che opera principalmente nel Nord della Lombardia, intervistato da Claudio Brachino per il magazine televisivo Italpress Economy.<br \/>&#8220;Le risorse umane sono l&#8217;asset fondamentale. Il capitale umano \u00e8 prezioso, dobbiamo cercare di attrarlo e trattenerlo &#8211; spiega Cetti -. Ci siamo adeguati a quella che durante il Covid era un&#8217;esigenza e oggi \u00e8 oggettivamente un&#8217;offerta di attrattivit\u00e0 professionale: lo smart working. Consentiamo di fare due giorni di smart working, con la possibilit\u00e0 di cumularli su un periodo lungo e questo viene molto apprezzato. Poi offriamo l&#8217;opportunit\u00e0 di crescita all&#8217;interno del gruppo&#8221;.<br \/>Per il gruppo si \u00e8 rivelato importante uno strumento come il Green Loan. &#8220;Oggi il sistema finanziario riconosce delle condizioni favorevoli a chi investe in progetti sostenibili. Noi abbiamo all&#8217;interno del nostro business tutta una serie di attivit\u00e0 che sono legate a transizione energetica, transizione ambientale, alla sostenibilit\u00e0 sul territorio. Con il Green Loan abbiamo ottenuto delle condizioni favorevoli da un pool di banche, presentando progetti sostenibili&#8221;, spiega l&#8217;Ad di Acinque.<br \/>Tra le attivit\u00e0 gestite da Acinque e che rientrano nell&#8217;impegno per la sostenibilit\u00e0, il teleriscaldamento, che consente anche di &#8220;decarbonizzare, perch\u00e8 si sostituiscono le caldaie condominiali o singole. Di fatto trasporti acqua calda che hai prodotto e scaldato in una centrale unica, che \u00e8 periferica, togliendo l&#8217;inquinamento dalla citt\u00e0&#8221;, sottolinea Cetti.<br \/>Sul fronte delle risorse idriche, &#8220;la riduzione delle perdite, per noi che gestiamo acquedotti come quello di Varese, \u00e8 uno degli obiettivi principali &#8211; aggiunge -. Attraverso la tecnologia della distrettualizzazione creiamo una rete molto interconnessa, che consente di intercettare meglio le perdite. L&#8217;altro aspetto di efficientamento della gestione del servizio idrico \u00e8 il minore consumo di energia&#8221;.<br \/>Il gruppo svolge poi numerose attivit\u00e0 che coinvolgono le scuole. <br \/>&#8220;L&#8217;anno scorso pi\u00f9 di 1300 diciamo studenti hanno partecipato alle nostre iniziative. Apriamo anche i nostri impianti. C&#8217;\u00e8 grande interesse da parte della cittadinanza a conoscere cosa c&#8217;\u00e8 di industriale dietro i servizi pubblici &#8211; conclude Cetti -. Inoltre abbiamo una serie di canali aperti con gli istituti tecnici, per cercare di fare crescere le professionalit\u00e0, creando uno sbocco diretto nel mondo del lavoro&#8221;.<div id=\"div-gpt-ad-Messinaoggi.it-DSK-300x250-corpoart\" style=\"text-align:center;margin:0 auto;\"><\/div><\/p>\n<p>&#8211; Foto Italpress &#8211;<div id=\"videoincontent\" style=\"clear:both\";><\/div><\/p>\n<p>(ITALPRESS).<\/p><\/div>\n","protected":false},"excerpt":{"rendered":"<p>MILANO (ITALPRESS) &#8211; &#8220;Il piano industriale per i prossimi 24 mesi parla di sostenibilit\u00e0, di efficienza energetica, sviluppo sul territorio, ma anche degli altri nostri business: gas ed elettricit\u00e0, teleriscaldamento, reti idriche, tutto quello che i nostri territori ci chiedono di sviluppare per una transizione ambientale ed energetica sostenibile&#8221;. Lo afferma Stefano Cetti, amministratore delegato [&hellip;]<\/p>\n","protected":false},"author":18,"featured_media":252982,"comment_status":"closed","ping_status":"closed","sticky":false,"template":"","format":"standard","meta":{"ub_ctt_via":"","_mi_skip_tracking":false},"categories":[446],"tags":[783],"featured_image_src":"https:\/\/www.messinaoggi.it\/website\/wp-content\/uploads\/2025\/10\/20251024_0199.jpg","author_info":{"display_name":"Admin","author_link":"https:\/\/www.messinaoggi.it\/website\/author\/admin\/"},"digistream_id":0,"digistream":false,"_links":{"self":[{"href":"https:\/\/www.messinaoggi.it\/website\/wp-json\/wp\/v2\/posts\/252981"}],"collection":[{"href":"https:\/\/www.messinaoggi.it\/website\/wp-json\/wp\/v2\/posts"}],"about":[{"href":"https:\/\/www.messinaoggi.it\/website\/wp-json\/wp\/v2\/types\/post"}],"author":[{"embeddable":true,"href":"https:\/\/www.messinaoggi.it\/website\/wp-json\/wp\/v2\/users\/18"}],"replies":[{"embeddable":true,"href":"https:\/\/www.messinaoggi.it\/website\/wp-json\/wp\/v2\/comments?post=252981"}],"version-history":[{"count":0,"href":"https:\/\/www.messinaoggi.it\/website\/wp-json\/wp\/v2\/posts\/252981\/revisions"}],"wp:featuredmedia":[{"embeddable":true,"href":"https:\/\/www.messinaoggi.it\/website\/wp-json\/wp\/v2\/media\/252982"}],"wp:attachment":[{"href":"https:\/\/www.messinaoggi.it\/website\/wp-json\/wp\/v2\/media?parent=252981"}],"wp:term":[{"taxonomy":"category","embeddable":true,"href":"https:\/\/www.messinaoggi.it\/website\/wp-json\/wp\/v2\/categories?post=252981"},{"taxonomy":"post_tag","embeddable":true,"href":"https:\/\/www.messinaoggi.it\/website\/wp-json\/wp\/v2\/tags?post=252981"}],"curies":[{"name":"wp","href":"https:\/\/api.w.org\/{rel}","templated":true}]}}