{"id":252949,"date":"2025-10-23T23:06:44","date_gmt":"2025-10-23T21:06:44","guid":{"rendered":"https:\/\/www.messinaoggi.it\/website\/2025\/10\/23\/schillaci-bene-intesa-stato-regioni-su-lea-in-arrivo-piu-prestazioni\/"},"modified":"2025-10-23T23:06:44","modified_gmt":"2025-10-23T21:06:44","slug":"schillaci-bene-intesa-stato-regioni-su-lea-in-arrivo-piu-prestazioni","status":"publish","type":"post","link":"https:\/\/www.messinaoggi.it\/website\/2025\/10\/23\/schillaci-bene-intesa-stato-regioni-su-lea-in-arrivo-piu-prestazioni\/","title":{"rendered":"Schillaci \u201cBene intesa Stato-Regioni su Lea, in arrivo pi\u00f9 prestazioni\u201d"},"content":{"rendered":"<div>ROMA (ITALPRESS) &#8211; &#8220;Dopo otto anni aggiorniamo i livelli essenziali di assistenza, aumentando il numero di prestazioni che il servizio sanitario nazionale mette a disposizione di tutti i cittadini. L&#8217;intesa in Conferenza Stato-Regioni \u00e8 un passo in avanti verso la conclusione dell&#8217;iter dei provvedimenti che ora passano all&#8217;esame delle Commissioni parlamentari. Con questo aggiornamento arrivano per i cittadini ulteriori terapie innovative, nuovi screening ed esenzioni per diverse patologie. E&#8217; un altro importante segnale concreto di attenzione ai bisogni di salute attraverso cure sempre pi\u00f9 di qualit\u00e0 e all&#8217;avanguardia. Sono convinto che le Commissioni parlamentari opereranno con la necessaria rapidit\u00e0 per concludere tempestivamente gli ultimi passaggi e arrivare presto al traguardo finale&#8221;. E&#8217; quanto dichiara il Ministro della Salute, Orazio Schillaci.<br \/>&#8211; foto Ipa agency &#8211;<br \/>(ITALPRESS).<\/div>\n<div id=\"div-gpt-ad-Messinaoggi.it-DSK-300x250-corpoart\" style=\"text-align:center;margin:0 auto;\"><\/div><\/p><div id=\"videoincontent\" style=\"clear:both\";><\/div>","protected":false},"excerpt":{"rendered":"<p>ROMA (ITALPRESS) &#8211; &#8220;Dopo otto anni aggiorniamo i livelli essenziali di assistenza, aumentando il numero di prestazioni che il servizio sanitario nazionale mette a disposizione di tutti i cittadini. L&#8217;intesa in Conferenza Stato-Regioni \u00e8 un passo in avanti verso la conclusione dell&#8217;iter dei provvedimenti che ora passano all&#8217;esame delle Commissioni parlamentari. Con questo aggiornamento arrivano [&hellip;]<\/p>\n","protected":false},"author":18,"featured_media":252950,"comment_status":"closed","ping_status":"closed","sticky":false,"template":"","format":"standard","meta":{"ub_ctt_via":"","_mi_skip_tracking":false},"categories":[446],"tags":[783],"featured_image_src":"https:\/\/www.messinaoggi.it\/website\/wp-content\/uploads\/2025\/10\/20251023_2902.jpg","author_info":{"display_name":"Admin","author_link":"https:\/\/www.messinaoggi.it\/website\/author\/admin\/"},"digistream_id":0,"digistream":false,"_links":{"self":[{"href":"https:\/\/www.messinaoggi.it\/website\/wp-json\/wp\/v2\/posts\/252949"}],"collection":[{"href":"https:\/\/www.messinaoggi.it\/website\/wp-json\/wp\/v2\/posts"}],"about":[{"href":"https:\/\/www.messinaoggi.it\/website\/wp-json\/wp\/v2\/types\/post"}],"author":[{"embeddable":true,"href":"https:\/\/www.messinaoggi.it\/website\/wp-json\/wp\/v2\/users\/18"}],"replies":[{"embeddable":true,"href":"https:\/\/www.messinaoggi.it\/website\/wp-json\/wp\/v2\/comments?post=252949"}],"version-history":[{"count":0,"href":"https:\/\/www.messinaoggi.it\/website\/wp-json\/wp\/v2\/posts\/252949\/revisions"}],"wp:featuredmedia":[{"embeddable":true,"href":"https:\/\/www.messinaoggi.it\/website\/wp-json\/wp\/v2\/media\/252950"}],"wp:attachment":[{"href":"https:\/\/www.messinaoggi.it\/website\/wp-json\/wp\/v2\/media?parent=252949"}],"wp:term":[{"taxonomy":"category","embeddable":true,"href":"https:\/\/www.messinaoggi.it\/website\/wp-json\/wp\/v2\/categories?post=252949"},{"taxonomy":"post_tag","embeddable":true,"href":"https:\/\/www.messinaoggi.it\/website\/wp-json\/wp\/v2\/tags?post=252949"}],"curies":[{"name":"wp","href":"https:\/\/api.w.org\/{rel}","templated":true}]}}