{"id":252937,"date":"2025-10-24T02:06:49","date_gmt":"2025-10-24T00:06:49","guid":{"rendered":"https:\/\/www.messinaoggi.it\/website\/2025\/10\/23\/crosetto-intelligenza-artificiale-nuova-frontiera-difesa-e-sviluppo\/"},"modified":"2025-10-24T09:10:01","modified_gmt":"2025-10-24T07:10:01","slug":"crosetto-intelligenza-artificiale-nuova-frontiera-difesa-e-sviluppo","status":"publish","type":"post","link":"https:\/\/www.messinaoggi.it\/website\/2025\/10\/24\/crosetto-intelligenza-artificiale-nuova-frontiera-difesa-e-sviluppo\/","title":{"rendered":"Crosetto \u201cIntelligenza artificiale nuova frontiera difesa e sviluppo\u201d"},"content":{"rendered":"<div>TORINO (ITALPRESS) &#8211; &#8220;Oggi ho inaugurato l&#8217;Anno Accademico alla Scuola di Applicazione dell&#8217;Esercito. La scelta fatta da queste ragazze e questi ragazzi, di dedicare la loro vita al servizio alla Patria \u00e8 un atto da guardare con profondo rispetto. A loro ho detto che, in un mondo sempre pi\u00f9 veloce e complesso, pieno di nuove sfide, \u00e8 fondamentale che la classe dirigente delle Forze Armate sappia capire i cambiamenti in atto, per prevenire i pericoli e indicare le direzioni da percorrere&#8221;. Cos\u00ec il ministro della Difesa, Guido Crosetto.<br \/>&#8220;Il loro impegno, il loro entusiasmo, la giovent\u00f9, la passione, sono i migliori valori che il nostro Paese sa esprimere. Diventeranno parte della futura classe dirigente dell&#8217;Italia. So che la loro non \u00e8 una scelta facile, ma \u00e8 una scelta che nobilita chi la compie &#8211; aggiunge -. Oggi ho avuto anche la possibilit\u00e0 di incontrare altri giovani, che lavorano in realt\u00e0 completamente diverse ma ugualmente importanti per il nostro futuro. All&#8217;Istituto Italiano per l&#8217;Intelligenza Artificiale per l&#8217;Impatto Industriale (AI4I) ho visto un polo che unisce ricerca, startup e impresa in un ecosistema capace di trasformare idee in innovazione concreta. Qui, giovani ricercatori possono contare su laboratori all&#8217;avanguardia e su sistemi di calcolo tra i pi\u00f9 avanzati, contribuendo a costruire un&#8217;Italia protagonista nello sviluppo dell&#8217;intelligenza artificiale&#8221;.<br \/>&#8220;All&#8217;Energy Center del Politecnico di Torino ho incontrato studenti e team di ricerca che, con passione e creativit\u00e0, stanno sperimentando applicazioni concrete di ogni materia di studio in ambiti che vanno dall&#8217;energia sostenibile alla mobilit\u00e0, all&#8217;intelligenza artificiale, ai nuovi materiali. La loro capacit\u00e0 di tradurre la formazione in soluzioni reali dimostra come la formazione di qualit\u00e0 possa diventare uno strumento prezioso per migliorare la vita delle persone, la sicurezza e la competitivit\u00e0 del nostro sistema Paese &#8211; conclude il ministro della Difesa -. Confrontarmi con questi giovani \u00e8 stato un momento prezioso: \u00e8 davvero un bel risultato per l&#8217;Italia poter contare su tante energie nuove e tante opportunit\u00e0 per chi vuole mettersi in gioco. Sostenere questi giovani, sostenere la ricerca, sostenere le universit\u00e0, significa investire nel futuro dell&#8217;Italia. E&#8217; da qui che nasce la crescita: dal talento, dall&#8217;impegno e dalla capacit\u00e0 di innovare delle nuove generazioni&#8221;.<div id=\"div-gpt-ad-Messinaoggi.it-DSK-300x250-corpoart\" style=\"text-align:center;margin:0 auto;\"><\/div><\/p>\n<p>&#8211; Foto IPA Agency &#8211;<div id=\"videoincontent\" style=\"clear:both\";><\/div><\/p>\n<p>(ITALPRESS).<\/p><\/div>\n","protected":false},"excerpt":{"rendered":"<p>TORINO (ITALPRESS) &#8211; &#8220;Oggi ho inaugurato l&#8217;Anno Accademico alla Scuola di Applicazione dell&#8217;Esercito. La scelta fatta da queste ragazze e questi ragazzi, di dedicare la loro vita al servizio alla Patria \u00e8 un atto da guardare con profondo rispetto. A loro ho detto che, in un mondo sempre pi\u00f9 veloce e complesso, pieno di nuove [&hellip;]<\/p>\n","protected":false},"author":18,"featured_media":252938,"comment_status":"closed","ping_status":"closed","sticky":false,"template":"","format":"standard","meta":{"ub_ctt_via":"","_mi_skip_tracking":false},"categories":[446,4],"tags":[783],"featured_image_src":"https:\/\/www.messinaoggi.it\/website\/wp-content\/uploads\/2025\/10\/20251023_2505.jpg","author_info":{"display_name":"Admin","author_link":"https:\/\/www.messinaoggi.it\/website\/author\/admin\/"},"digistream_id":0,"digistream":false,"_links":{"self":[{"href":"https:\/\/www.messinaoggi.it\/website\/wp-json\/wp\/v2\/posts\/252937"}],"collection":[{"href":"https:\/\/www.messinaoggi.it\/website\/wp-json\/wp\/v2\/posts"}],"about":[{"href":"https:\/\/www.messinaoggi.it\/website\/wp-json\/wp\/v2\/types\/post"}],"author":[{"embeddable":true,"href":"https:\/\/www.messinaoggi.it\/website\/wp-json\/wp\/v2\/users\/18"}],"replies":[{"embeddable":true,"href":"https:\/\/www.messinaoggi.it\/website\/wp-json\/wp\/v2\/comments?post=252937"}],"version-history":[{"count":1,"href":"https:\/\/www.messinaoggi.it\/website\/wp-json\/wp\/v2\/posts\/252937\/revisions"}],"predecessor-version":[{"id":252960,"href":"https:\/\/www.messinaoggi.it\/website\/wp-json\/wp\/v2\/posts\/252937\/revisions\/252960"}],"wp:featuredmedia":[{"embeddable":true,"href":"https:\/\/www.messinaoggi.it\/website\/wp-json\/wp\/v2\/media\/252938"}],"wp:attachment":[{"href":"https:\/\/www.messinaoggi.it\/website\/wp-json\/wp\/v2\/media?parent=252937"}],"wp:term":[{"taxonomy":"category","embeddable":true,"href":"https:\/\/www.messinaoggi.it\/website\/wp-json\/wp\/v2\/categories?post=252937"},{"taxonomy":"post_tag","embeddable":true,"href":"https:\/\/www.messinaoggi.it\/website\/wp-json\/wp\/v2\/tags?post=252937"}],"curies":[{"name":"wp","href":"https:\/\/api.w.org\/{rel}","templated":true}]}}