{"id":252911,"date":"2025-10-23T15:06:42","date_gmt":"2025-10-23T13:06:42","guid":{"rendered":"https:\/\/www.messinaoggi.it\/website\/2025\/10\/23\/meloni-a-von-der-leyen-urgenti-misure-per-automotive-ed-energia\/"},"modified":"2025-10-23T15:06:42","modified_gmt":"2025-10-23T13:06:42","slug":"meloni-a-von-der-leyen-urgenti-misure-per-automotive-ed-energia","status":"publish","type":"post","link":"https:\/\/www.messinaoggi.it\/website\/2025\/10\/23\/meloni-a-von-der-leyen-urgenti-misure-per-automotive-ed-energia\/","title":{"rendered":"Meloni a Von der Leyen \u201cUrgenti misure per automotive ed energia\u201d"},"content":{"rendered":"<div>BRUXELLES (BELGIO) (ITALPRESS) &#8211; Il presidente del Consiglio, Giorgia <strong>Meloni,<\/strong> ha incontrato oggi a Bruxelles la presidente della Commissione Europea, Ursula <strong>von der Leyen. <\/strong>Al centro del colloquio, le priorit\u00e0 italiane in vista dell&#8217;odierno Consiglio Europeo, a partire da competitivit\u00e0, transizione climatica e semplificazione.<div id=\"div-gpt-ad-Messinaoggi.it-DSK-300x250-corpoart\" style=\"text-align:center;margin:0 auto;\"><\/div><\/p>\n<p>Il presidente Meloni ha inoltre ribadito &#8220;<em>la necessit\u00e0 di urgenti provvedimenti a sostegno del settore automobilistico e delle industrie ad alto consumo energetico, in particolare sul fronte della riduzione dei prezzi dell&#8217;elettricit\u00e0&#8221;<\/em>, si legge in una nota di Palazzo Chigi.<div id=\"videoincontent\" style=\"clear:both\";><\/div><\/p>\n<p>&#8211; Foto di repertorio IPA Agency &#8211;<\/p>\n<p>(ITALPRESS).<\/p><\/div>\n","protected":false},"excerpt":{"rendered":"<p>BRUXELLES (BELGIO) (ITALPRESS) &#8211; Il presidente del Consiglio, Giorgia Meloni, ha incontrato oggi a Bruxelles la presidente della Commissione Europea, Ursula von der Leyen. Al centro del colloquio, le priorit\u00e0 italiane in vista dell&#8217;odierno Consiglio Europeo, a partire da competitivit\u00e0, transizione climatica e semplificazione. Il presidente Meloni ha inoltre ribadito &#8220;la necessit\u00e0 di urgenti provvedimenti [&hellip;]<\/p>\n","protected":false},"author":18,"featured_media":252912,"comment_status":"closed","ping_status":"closed","sticky":false,"template":"","format":"standard","meta":{"ub_ctt_via":"","_mi_skip_tracking":false},"categories":[446],"tags":[783],"featured_image_src":"https:\/\/www.messinaoggi.it\/website\/wp-content\/uploads\/2025\/10\/20251023_0716.jpg","author_info":{"display_name":"Admin","author_link":"https:\/\/www.messinaoggi.it\/website\/author\/admin\/"},"digistream_id":0,"digistream":false,"_links":{"self":[{"href":"https:\/\/www.messinaoggi.it\/website\/wp-json\/wp\/v2\/posts\/252911"}],"collection":[{"href":"https:\/\/www.messinaoggi.it\/website\/wp-json\/wp\/v2\/posts"}],"about":[{"href":"https:\/\/www.messinaoggi.it\/website\/wp-json\/wp\/v2\/types\/post"}],"author":[{"embeddable":true,"href":"https:\/\/www.messinaoggi.it\/website\/wp-json\/wp\/v2\/users\/18"}],"replies":[{"embeddable":true,"href":"https:\/\/www.messinaoggi.it\/website\/wp-json\/wp\/v2\/comments?post=252911"}],"version-history":[{"count":0,"href":"https:\/\/www.messinaoggi.it\/website\/wp-json\/wp\/v2\/posts\/252911\/revisions"}],"wp:featuredmedia":[{"embeddable":true,"href":"https:\/\/www.messinaoggi.it\/website\/wp-json\/wp\/v2\/media\/252912"}],"wp:attachment":[{"href":"https:\/\/www.messinaoggi.it\/website\/wp-json\/wp\/v2\/media?parent=252911"}],"wp:term":[{"taxonomy":"category","embeddable":true,"href":"https:\/\/www.messinaoggi.it\/website\/wp-json\/wp\/v2\/categories?post=252911"},{"taxonomy":"post_tag","embeddable":true,"href":"https:\/\/www.messinaoggi.it\/website\/wp-json\/wp\/v2\/tags?post=252911"}],"curies":[{"name":"wp","href":"https:\/\/api.w.org\/{rel}","templated":true}]}}