{"id":252895,"date":"2025-10-23T13:06:38","date_gmt":"2025-10-23T11:06:38","guid":{"rendered":"https:\/\/www.messinaoggi.it\/website\/2025\/10\/23\/confisca-di-beni-da-un-1-milione-per-sorvegliato-speciale-a-catanzaro\/"},"modified":"2025-10-23T13:06:38","modified_gmt":"2025-10-23T11:06:38","slug":"confisca-di-beni-da-un-1-milione-per-sorvegliato-speciale-a-catanzaro","status":"publish","type":"post","link":"https:\/\/www.messinaoggi.it\/website\/2025\/10\/23\/confisca-di-beni-da-un-1-milione-per-sorvegliato-speciale-a-catanzaro\/","title":{"rendered":"Confisca di beni da un 1 milione per sorvegliato speciale a Catanzaro"},"content":{"rendered":"<div>CATANZARO (ITALPRESS) &#8211; <strong>La Guardia di Finanza di Catanzaro e Cosenza ha eseguito un decreto di confisca<\/strong> emesso dal Tribunale di Catanzaro di 1 unit\u00e0 immobiliare e di 2 imprese con relativi patrimoni aziendali, comprendenti numerosi appezzamenti di terreno, motoslitte, quad e rapporti bancari per un valore complessivo stimato in oltre 1 milione di euro. I beni sono riconducibili ad una persona nei cui confronti \u00e8 stata irrogata nel 2020 la misura di prevenzione personale della sorveglianza speciale, ulteriormente aggravata nel corso del 2022.<div id=\"div-gpt-ad-Messinaoggi.it-DSK-300x250-corpoart\" style=\"text-align:center;margin:0 auto;\"><\/div><\/p>\n<p>L&#8217;uomo \u00e8 stato coinvolto, sempre nel 2022, nel procedimento &#8220;Reset&#8221; dove \u00e8 stato condannato dal G.U.P. di Catanzaro a 13 anni e 8 mesi di reclusione poich\u00e8 riconosciuto organico al gruppo mafioso operante a Cosenza e territori limitrofi, facente capo al boss Francesco Patitucci. Ancora, nel 2023, lo stesso \u00e8 stato implicato nell&#8217;operazione &#8220;Gentleman II&#8221;, per violazioni in materia di sostanze stupefacenti, la cui posizione \u00e8 pendente dinanzi al Tribunale di Castrovillari. La misura scaturisce dall&#8217;analisi del profilo patrimoniale del destinatario e dei familiari, volto a verificare la congruit\u00e0 del valore dei beni a disposizione rispetto ai redditi dichiarati o all&#8217;attivit\u00e0 economica svolta, che aveva gi\u00e0 portato al sequestro degli stessi il 23 ottobre del 2024.<div id=\"videoincontent\" style=\"clear:both\";><\/div><\/p>\n<p>&#8211; Foto: Guardia di Finanza &#8211;<\/p>\n<p>(ITALPRESS).<\/p><\/div>\n","protected":false},"excerpt":{"rendered":"<p>CATANZARO (ITALPRESS) &#8211; La Guardia di Finanza di Catanzaro e Cosenza ha eseguito un decreto di confisca emesso dal Tribunale di Catanzaro di 1 unit\u00e0 immobiliare e di 2 imprese con relativi patrimoni aziendali, comprendenti numerosi appezzamenti di terreno, motoslitte, quad e rapporti bancari per un valore complessivo stimato in oltre 1 milione di euro. [&hellip;]<\/p>\n","protected":false},"author":18,"featured_media":252896,"comment_status":"closed","ping_status":"closed","sticky":false,"template":"","format":"standard","meta":{"ub_ctt_via":"","_mi_skip_tracking":false},"categories":[446],"tags":[783],"featured_image_src":"https:\/\/www.messinaoggi.it\/website\/wp-content\/uploads\/2025\/10\/20251023_0078.jpg","author_info":{"display_name":"Admin","author_link":"https:\/\/www.messinaoggi.it\/website\/author\/admin\/"},"digistream_id":0,"digistream":false,"_links":{"self":[{"href":"https:\/\/www.messinaoggi.it\/website\/wp-json\/wp\/v2\/posts\/252895"}],"collection":[{"href":"https:\/\/www.messinaoggi.it\/website\/wp-json\/wp\/v2\/posts"}],"about":[{"href":"https:\/\/www.messinaoggi.it\/website\/wp-json\/wp\/v2\/types\/post"}],"author":[{"embeddable":true,"href":"https:\/\/www.messinaoggi.it\/website\/wp-json\/wp\/v2\/users\/18"}],"replies":[{"embeddable":true,"href":"https:\/\/www.messinaoggi.it\/website\/wp-json\/wp\/v2\/comments?post=252895"}],"version-history":[{"count":0,"href":"https:\/\/www.messinaoggi.it\/website\/wp-json\/wp\/v2\/posts\/252895\/revisions"}],"wp:featuredmedia":[{"embeddable":true,"href":"https:\/\/www.messinaoggi.it\/website\/wp-json\/wp\/v2\/media\/252896"}],"wp:attachment":[{"href":"https:\/\/www.messinaoggi.it\/website\/wp-json\/wp\/v2\/media?parent=252895"}],"wp:term":[{"taxonomy":"category","embeddable":true,"href":"https:\/\/www.messinaoggi.it\/website\/wp-json\/wp\/v2\/categories?post=252895"},{"taxonomy":"post_tag","embeddable":true,"href":"https:\/\/www.messinaoggi.it\/website\/wp-json\/wp\/v2\/tags?post=252895"}],"curies":[{"name":"wp","href":"https:\/\/api.w.org\/{rel}","templated":true}]}}