{"id":252853,"date":"2025-10-22T23:06:42","date_gmt":"2025-10-22T21:06:42","guid":{"rendered":"https:\/\/www.messinaoggi.it\/website\/2025\/10\/22\/pioli-ora-conta-fare-bene-in-conference\/"},"modified":"2025-10-22T23:06:42","modified_gmt":"2025-10-22T21:06:42","slug":"pioli-ora-conta-fare-bene-in-conference","status":"publish","type":"post","link":"https:\/\/www.messinaoggi.it\/website\/2025\/10\/22\/pioli-ora-conta-fare-bene-in-conference\/","title":{"rendered":"Pioli \u201cOra conta fare bene in Conference\u201d"},"content":{"rendered":"<div>FIRENZE (ITALPRESS) &#8211;<em> &#8220;Non dobbiamo cambiare il trend ma dobbiamo concentrarci sulla partita di domani. Abbiamo cominciato bene il girone, la Conference \u00e8 un obiettivo, fare bene domani sarebbe molto importante per la nostra classifica, ma il campionato \u00e8 un&#8217;altra storia&#8221;.<\/em> Lo ha detto il tecnico viola, Stefano <strong>Pioli,<\/strong> alla vigilia della gara fra <strong>Rapid Vienna<\/strong> e <strong>Fiorentina,<\/strong> valida per la fase a girone unico di Conference League.<em> &#8220;Avevamo detto prima della gara contro il Sigma di vincere perch\u00e8 ci\u00f2 ci avrebbe aiutato in campionato, poi abbiamo fatto una buona partita ma non siamo riusciti a portare a casa la vittoria. Ora conta far bene in coppa, poi sappiamo quanto saranno importanti e pesanti le prossime tre partite in campionato, ma ci penseremo poi&#8221;<\/em> ha aggiunto Pioli che ha preannunciato un vasto turnover per la gara di Vienna, con la conferma di David De Gea in porta. <em>&#8220;Cambier\u00f2 pi\u00f9 del solito ma con la convinzione che chi scender\u00e0 in campo dar\u00e0 le risposte adeguate&#8221;<\/em> ha spiegato l&#8217;allenatore gigliato.<div id=\"div-gpt-ad-Messinaoggi.it-DSK-300x250-corpoart\" style=\"text-align:center;margin:0 auto;\"><\/div><\/p>\n<p><em> &#8220;Credo che in Conference stia andando in maniera diversa rispetto al campionato, abbiamo vinto la prima partita e dopo quella gara abbiamo fatto due buone prestazioni in campionato, anche se non \u00e8 arrivata la vittoria, per\u00f2 comunque ci sono stati miglioramenti e buoni segnali. Credo che domani sia una partita a s\u00e8, che non intralci il campionato. Con tutte le critiche che ci sono, vedo la squadra pronta e determinata per ottenere la vittoria&#8221;<\/em> le parole del centrocampista viola Cher <strong>Ndour.<\/strong><div id=\"videoincontent\" style=\"clear:both\";><\/div><\/p>\n<p>&#8211; foto Ipa Agency &#8211;<\/p>\n<p>(ITALPRESS).<\/p><\/div>\n","protected":false},"excerpt":{"rendered":"<p>FIRENZE (ITALPRESS) &#8211; &#8220;Non dobbiamo cambiare il trend ma dobbiamo concentrarci sulla partita di domani. Abbiamo cominciato bene il girone, la Conference \u00e8 un obiettivo, fare bene domani sarebbe molto importante per la nostra classifica, ma il campionato \u00e8 un&#8217;altra storia&#8221;. Lo ha detto il tecnico viola, Stefano Pioli, alla vigilia della gara fra Rapid [&hellip;]<\/p>\n","protected":false},"author":18,"featured_media":252854,"comment_status":"closed","ping_status":"closed","sticky":false,"template":"","format":"standard","meta":{"ub_ctt_via":"","_mi_skip_tracking":false},"categories":[446],"tags":[783],"featured_image_src":"https:\/\/www.messinaoggi.it\/website\/wp-content\/uploads\/2025\/10\/20251022_2525.jpg","author_info":{"display_name":"Admin","author_link":"https:\/\/www.messinaoggi.it\/website\/author\/admin\/"},"digistream_id":0,"digistream":false,"_links":{"self":[{"href":"https:\/\/www.messinaoggi.it\/website\/wp-json\/wp\/v2\/posts\/252853"}],"collection":[{"href":"https:\/\/www.messinaoggi.it\/website\/wp-json\/wp\/v2\/posts"}],"about":[{"href":"https:\/\/www.messinaoggi.it\/website\/wp-json\/wp\/v2\/types\/post"}],"author":[{"embeddable":true,"href":"https:\/\/www.messinaoggi.it\/website\/wp-json\/wp\/v2\/users\/18"}],"replies":[{"embeddable":true,"href":"https:\/\/www.messinaoggi.it\/website\/wp-json\/wp\/v2\/comments?post=252853"}],"version-history":[{"count":0,"href":"https:\/\/www.messinaoggi.it\/website\/wp-json\/wp\/v2\/posts\/252853\/revisions"}],"wp:featuredmedia":[{"embeddable":true,"href":"https:\/\/www.messinaoggi.it\/website\/wp-json\/wp\/v2\/media\/252854"}],"wp:attachment":[{"href":"https:\/\/www.messinaoggi.it\/website\/wp-json\/wp\/v2\/media?parent=252853"}],"wp:term":[{"taxonomy":"category","embeddable":true,"href":"https:\/\/www.messinaoggi.it\/website\/wp-json\/wp\/v2\/categories?post=252853"},{"taxonomy":"post_tag","embeddable":true,"href":"https:\/\/www.messinaoggi.it\/website\/wp-json\/wp\/v2\/tags?post=252853"}],"curies":[{"name":"wp","href":"https:\/\/api.w.org\/{rel}","templated":true}]}}