{"id":252833,"date":"2025-10-23T00:06:43","date_gmt":"2025-10-22T22:06:43","guid":{"rendered":"https:\/\/www.messinaoggi.it\/website\/2025\/10\/22\/piantedosi-per-difendere-liberta-di-stampa-impegno-concreto-non-propaganda\/"},"modified":"2025-10-23T10:02:21","modified_gmt":"2025-10-23T08:02:21","slug":"piantedosi-per-difendere-liberta-di-stampa-impegno-concreto-non-propaganda","status":"publish","type":"post","link":"https:\/\/www.messinaoggi.it\/website\/2025\/10\/23\/piantedosi-per-difendere-liberta-di-stampa-impegno-concreto-non-propaganda\/","title":{"rendered":"Piantedosi \u201cPer difendere libert\u00e0 di stampa impegno concreto, non propaganda\u201d"},"content":{"rendered":"<div>ROMA (ITALPRESS) &#8211; <em>&#8220;Esprimo anche in questa sede la piena solidariet\u00e0 mia e del governo a Ranucci e alla sua famiglia e ribadisco la ferma condanna per l&#8217;atto vigliacco e criminale che ha subito e che rappresenta un attacco non solo alla persona, ma alla libert\u00e0 di stampa e ai valori fondamentali della nostra democrazia: il lavoro delle forze di polizia prosegue con intensit\u00e0 per assicurare rapidamente alla giustizia i responsabili dell&#8217;attentato&#8221;.<\/em> Lo afferma il <strong>ministro dell&#8217;Interno Matteo Piantedosi nel corso di un&#8217;informativa urgente alla Camera sull&#8217;attentato a Sigfrido Ranucci.<\/strong><div id=\"div-gpt-ad-Messinaoggi.it-DSK-300x250-corpoart\" style=\"text-align:center;margin:0 auto;\"><\/div><\/p>\n<p><em>&#8220;Le articolazioni competenti del mio ministero sono impegnate da tempo nei servizi di protezione e tutela di Ranucci, proprio per l&#8217;esposizione a rischio derivante dalla sua attivit\u00e0 di giornalista d&#8217;inchiesta<\/em> &#8211; aggiunge Piantedosi -. <em>A partire dal 2020 ha effettuato alcune segnalazioni su atti intimidatori, consistenti per lo pi\u00f9 in missive e messaggi via web. Fui io stesso, da prefetto di Roma, a informarlo sulla necessit\u00e0 di assegnargli una tutela personale, modulata da agosto 2021 in un dispositivo tutorio di quarto livello: anche recentemente, a seguito dell&#8217;atto intimidatorio del 16 ottobre, ho dato mandato di rafforzare al massimo ogni misura di protezione.<strong> Il livello di sicurezza \u00e8 stato innalzato,<\/strong> rimodulando il dispositivo tutorio dal quarto al terzo livello; inoltre, presso le aree abitualmente frequentate dal giornalista \u00e8 stato attivato un dispositivo di vigilanza generica radiocollegata; analoga attenzione \u00e8 stata posta alle misure di sicurezza gi\u00e0 adottate dal commissariato di pubblica sicurezza Rai in occasione degli ingressi e delle uscite di Ranucci dall&#8217;azienda. Anche prima dell&#8217;attentato le misure nei suoi confronti sono sempre state tempestivamente adeguate alle segnalazioni e alle risultanze informative emerse via via&#8221;.<\/em><div id=\"videoincontent\" style=\"clear:both\";><\/div><\/p>\n<p><em>&#8220;Il fenomeno degli atti intimidatori nei confronti dei giornalisti \u00e8 costantemente seguito dal mio ministero, anche tramite il centro di coordinamento per le Attivit\u00e0 di monitoraggio, analisi e scambio permanente di informazioni che io stesso presiedo e che verr\u00e0 riconvocato ai primi di novembre<\/em> &#8211; ha sottolinea il ministro -: <em>abbiamo inoltre costituito un organismo di supporto quale sede privilegiata di confronto tra referenti del mondo dell&#8217;informazione ed esperti del Viminale, al fine di individuare a livello operativo gli interventi pi\u00f9 idonei di prevenzione e contrasto&#8221;.<br \/>\n<\/em><br \/>\n<em>&#8220;Per inquadrare meglio il fenomeno degli atti intimidatori, credo sia utile fornire qualche elemento sulle dinamiche nazionali prendendo in considerazione due tipi di dati, a carattere quantitativo e qualitativo<\/em> &#8211; continua Piantedosi, &#8211;<em> Il quinquennio 2020-2024 ha registrato 718 episodi, con una media di circa 143 eventi all&#8217;anno e un picco nel 2021 con 232: nei primi sei mesi del 2025 sono state registrate 81 segnalazioni di minacce; il maggior numero di episodi si \u00e8 dunque verificato quando in carica non c&#8217;era questo governo. Esaminando le tipologie di minacce, \u00e8 possibile distinguere le matrici principali tra criminalit\u00e0 organizzata, quelle di natura sociopolitica e una terza generica che ingloba tutti i casi rimanenti: nel quinquennio le maggiori occorrenze si sono verificate per motivi sociopolitici riconducibili a eventi di piazza, manifestazioni pubbliche o sportive o scenari simili; anche in questo caso il maggior numero di episodi si \u00e8 verificato nel 2021, con 113. Le principali minacce arrivano dal web e dalle piattaforme social: nel primo semestre del 2025 sono 31 su 81 totali. Degno di nota \u00e8 il dato sulle minacce mediante aggressione fisica, che per\u00f2 mostra una tendenza alla riduzione: ulteriori condotte minatorie sono le minacce verbali e il danneggiamento di beni di propriet\u00e0 dei giornalisti, che sommate sfiorano il 20% del totale&#8221;.<br \/>\n<\/em><br \/>\n<strong><em>&#8220;L&#8217;attenzione di questo governo alla sicurezza dei giornalisti \u00e8 massima. Chi utilizza questo grave atto intimidatorio per adombrare una responsabilit\u00e0 dell&#8217;esecutivo offende la verit\u00e0 e le istituzioni con scarso senso dello Stato<\/em><\/strong>:<em> lo stesso Ranucci ha fatto dichiarazioni estremamente equilibrate, lontane da ogni ricostruzione dietrologica<\/em> &#8211; dice ancora il titolare del Viminale -. <em>La libert\u00e0 di stampa \u00e8 di vitale importanza per la democrazia e la sua difesa richiede, oltre ad azioni concrete come quelle poste in essere da forze di polizia e autorit\u00e0 giudiziaria, anche l&#8217;impegno assiduo delle istituzioni e della societ\u00e0 civile: in questo senso auspico che il tema della tutela della libert\u00e0 di stampa non scadesse a strumento di grossolana propaganda partitica&#8221;.<\/em><\/p>\n<p>&#8211; Foto IPA Agency &#8211;<\/p>\n<p>(ITALPRESS).<\/p><\/div>\n","protected":false},"excerpt":{"rendered":"<p>ROMA (ITALPRESS) &#8211; &#8220;Esprimo anche in questa sede la piena solidariet\u00e0 mia e del governo a Ranucci e alla sua famiglia e ribadisco la ferma condanna per l&#8217;atto vigliacco e criminale che ha subito e che rappresenta un attacco non solo alla persona, ma alla libert\u00e0 di stampa e ai valori fondamentali della nostra democrazia: [&hellip;]<\/p>\n","protected":false},"author":18,"featured_media":252834,"comment_status":"closed","ping_status":"closed","sticky":false,"template":"","format":"standard","meta":{"ub_ctt_via":"","_mi_skip_tracking":false},"categories":[446,4],"tags":[783],"featured_image_src":"https:\/\/www.messinaoggi.it\/website\/wp-content\/uploads\/2025\/10\/20251022_1091.jpg","author_info":{"display_name":"Admin","author_link":"https:\/\/www.messinaoggi.it\/website\/author\/admin\/"},"digistream_id":0,"digistream":false,"_links":{"self":[{"href":"https:\/\/www.messinaoggi.it\/website\/wp-json\/wp\/v2\/posts\/252833"}],"collection":[{"href":"https:\/\/www.messinaoggi.it\/website\/wp-json\/wp\/v2\/posts"}],"about":[{"href":"https:\/\/www.messinaoggi.it\/website\/wp-json\/wp\/v2\/types\/post"}],"author":[{"embeddable":true,"href":"https:\/\/www.messinaoggi.it\/website\/wp-json\/wp\/v2\/users\/18"}],"replies":[{"embeddable":true,"href":"https:\/\/www.messinaoggi.it\/website\/wp-json\/wp\/v2\/comments?post=252833"}],"version-history":[{"count":1,"href":"https:\/\/www.messinaoggi.it\/website\/wp-json\/wp\/v2\/posts\/252833\/revisions"}],"predecessor-version":[{"id":252872,"href":"https:\/\/www.messinaoggi.it\/website\/wp-json\/wp\/v2\/posts\/252833\/revisions\/252872"}],"wp:featuredmedia":[{"embeddable":true,"href":"https:\/\/www.messinaoggi.it\/website\/wp-json\/wp\/v2\/media\/252834"}],"wp:attachment":[{"href":"https:\/\/www.messinaoggi.it\/website\/wp-json\/wp\/v2\/media?parent=252833"}],"wp:term":[{"taxonomy":"category","embeddable":true,"href":"https:\/\/www.messinaoggi.it\/website\/wp-json\/wp\/v2\/categories?post=252833"},{"taxonomy":"post_tag","embeddable":true,"href":"https:\/\/www.messinaoggi.it\/website\/wp-json\/wp\/v2\/tags?post=252833"}],"curies":[{"name":"wp","href":"https:\/\/api.w.org\/{rel}","templated":true}]}}