{"id":252829,"date":"2025-10-22T17:06:39","date_gmt":"2025-10-22T15:06:39","guid":{"rendered":"https:\/\/www.messinaoggi.it\/website\/2025\/10\/22\/aria-pulita-negli-ambienti-indoor-al-senato-una-proposta-di-legge\/"},"modified":"2025-10-22T17:06:39","modified_gmt":"2025-10-22T15:06:39","slug":"aria-pulita-negli-ambienti-indoor-al-senato-una-proposta-di-legge","status":"publish","type":"post","link":"https:\/\/www.messinaoggi.it\/website\/2025\/10\/22\/aria-pulita-negli-ambienti-indoor-al-senato-una-proposta-di-legge\/","title":{"rendered":"Aria pulita negli ambienti indoor, al Senato una proposta di legge"},"content":{"rendered":"<div>ROMA (ITALPRESS) &#8211; Si \u00e8 tenuta a Roma, presso il Senato della Repubblica &#8211; Sala Caduti di Nassirya, la conferenza stampa promossa dal Vicepresidente del Senato Gian Marco Centinaio per presentare una proposta dedicata alla disciplina dell&#8217;igiene degli impianti di trattamento dell&#8217;aria negli ambienti indoor.<br \/>\nA moderare i lavori, il giornalista Mattia Iovane (RAI, Il Mattino).<br \/>\nL&#8217;iniziativa nasce in risposta a un tema di crescente urgenza: la qualit\u00e0 dell&#8217;aria che respiriamo all&#8217;interno degli ambienti chiusi, dove trascorriamo oltre il 90% del nostro tempo. Un aspetto centrale per la salute pubblica e per l&#8217;economia nazionale, come evidenziato dai dati dell&#8217;Osservatorio sulla Qualit\u00e0 dell&#8217;Aria Indoor (Universit\u00e0 Milano-Bicocca e Universit\u00e0 Bocconi), secondo cui l&#8217;impatto economico dell&#8217;inquinamento indoor pu\u00f2 incidere fino al 5,22% del PIL italiano.<br \/>\n&#8220;La qualit\u00e0 dell&#8217;aria \u00e8 fondamentale, non solo quella outdoor &#8211; quindi quella che respiriamo quando siamo in strada &#8211; ma anche quella indoor, quando siamo in casa, sul luogo di lavoro, in vacanza o al supermercato. Il nostro compito come istituzioni \u00e8 quello di garantire norme adeguate, affinch\u00e8 chi lavora sulla qualit\u00e0 dell&#8217;aria &#8211; e quindi sulla nostra salute &#8211; possa operare nel miglior modo possibile&#8221;, ha dichiarato il Vicepresidente del Senato Centinaio, che ha poi ribadito l&#8217;importanza del supporto degli enti locali: &#8220;Dobbiamo far s\u00ec che possano essere di supporto all&#8217;innovazione, alla ricerca scientifica e alla possibilit\u00e0 di migliorare. La burocrazia deve fare la sua parte, perch\u00e8 continua a essere uno dei problemi irrisolti del nostro Paese&#8221;.<br \/>\nPer Gregorio Mangano, Presidente di AIISA e CEO di Techno One: &#8220;Noi non vediamo ci\u00f2 che respiriamo, n\u00e8 gli inquinanti presenti, soprattutto quelli che si annidano all&#8217;interno degli impianti di trattamento dell&#8217;aria. Oggi ho portato delle foto, come faccio spesso, perch\u00e8 non si ha contezza di cosa respiriamo quotidianamente. Mostrare queste immagini risveglia le coscienze e aiuta a comprendere la gravit\u00e0 del problema, che comporta costi sociali elevati e, purtroppo, anche un numero rilevante di decessi ogni anno&#8221;.<br \/>\nL&#8217;obiettivo \u00e8 quello di giungere a una proposta di legge che introduca un quadro normativo innovativo, basato su prevenzione, manutenzione programmata, controlli periodici e formazione professionale certificata. Il tutto senza oneri aggiuntivi per lo Stato, ma attraverso una razionalizzazione delle risorse gi\u00e0 disponibili. I lavori sul testo sono stati gi\u00e0 avviati.<br \/>\nCome ha spiegato Andrea Casa, Presidente Emerito di AIISA e CEO di Alisea: &#8220;Il quadro normativo in Italia \u00e8 molto complesso e va semplificato, partendo da un livello alto delle fonti del diritto, quindi da una legge dello Stato. Questa proposta vuole dare una cornice pi\u00f9 razionale alla materia: non si concentra sulle sanzioni, ma punta a creare consapevolezza e sensibilit\u00e0 nei confronti della qualit\u00e0 dell&#8217;aria che respiriamo&#8221;.<br \/>\nGaetano Settimo, Coordinatore del Gruppo di Studio Nazionale Inquinamento Indoor (ISS), ha sottolineato: &#8220;Il tema dell&#8217;aria indoor \u00e8 cruciale per la nostra salute. Trascorriamo la maggior parte del tempo in ambienti chiusi, e proprio l\u00ec dobbiamo avviare azioni di prevenzione, perch\u00e8 \u00e8 dove si costruisce la salute della popolazione. La qualit\u00e0 dell&#8217;aria indoor \u00e8 anche una leva per la competitivit\u00e0 dei processi produttivi e per l&#8217;efficacia del nostro Servizio Sanitario Nazionale. Chi fa prevenzione primaria non solo riduce le comorbidit\u00e0, ma contribuisce ad abbassare i costi sanitari. Avere a cuore l&#8217;aria indoor significa avere a cuore la salute pubblica&#8221;.<br \/>\nIn collegamento, Susanna Dorigoni, Responsabile dell&#8217;Osservatorio Qualit\u00e0 dell&#8217;Aria Indoor &#8211; Universit\u00e0 Bocconi e Universit\u00e0 Bicocca, ha illustrato i costi sociali dell&#8217;inquinamento indoor (indoor air quality &#8211; IAQ), pari a una quota significativa del PIL. Tali costi, ha sottolineato, possono trasformarsi in benefici per la societ\u00e0 e per le imprese che operano in ambienti condivisi o che producono e manutengono tecnologie HVAC.<br \/>\n&#8220;A fronte della nuova policy in via di definizione &#8211; ha affermato Dorigoni &#8211; \u00e8 necessario proseguire l&#8217;attivit\u00e0 di ricerca per disegnare una regolazione efficace, capace di garantire standard minimi di qualit\u00e0 dell&#8217;aria in tutti gli ambienti indoor a uso civile e di aumentare il benessere sociale. Le aziende responsabili devono cogliere l&#8217;opportunit\u00e0 offerta da un contesto istituzionale, normativo ed economico sempre pi\u00f9 orientato alla sostenibilit\u00e0 (tematiche ESG), evitando che ci\u00f2 si traduca solo in un aggravio di costi&#8221;.<br \/>\nGli elementi chiave da inserire nella proposta sono: controlli mirati e ispezioni periodiche sugli impianti di trattamento aria, con obbligo di sanificazione quando necessario; procedure standardizzate e verificabili, fondate su metodologie scientificamente validate; formazione di personale qualificato, con elenchi regionali certificati; sistema di vigilanza efficace, che includa controlli documentali e tecnici in caso di segnalazioni.<br \/>\nI benefici attesi, invece, riguardano salute pubblica, intesa come riduzione delle malattie respiratorie e delle infezioni nosocomiali; efficienza economica, considerando i risparmi sanitari e sviluppo di nuove competenze professionali e chiarezza normativa, quindi meno burocrazia per imprese e amministrazioni pubbliche.<br \/>\nIl testo della proposta sar\u00e0 oggetto di consultazioni con esperti, associazioni di settore e istituzioni sanitarie, con l&#8217;obiettivo di avviare l&#8217;iter parlamentare nei prossimi mesi.<br \/>\n-foto ufficio stampa AIISA &#8211;<br \/>\n(ITALPRESS).<\/div>\n<div id=\"div-gpt-ad-Messinaoggi.it-DSK-300x250-corpoart\" style=\"text-align:center;margin:0 auto;\"><\/div><\/p><div id=\"videoincontent\" style=\"clear:both\";><\/div>","protected":false},"excerpt":{"rendered":"<p>ROMA (ITALPRESS) &#8211; Si \u00e8 tenuta a Roma, presso il Senato della Repubblica &#8211; Sala Caduti di Nassirya, la conferenza stampa promossa dal Vicepresidente del Senato Gian Marco Centinaio per presentare una proposta dedicata alla disciplina dell&#8217;igiene degli impianti di trattamento dell&#8217;aria negli ambienti indoor. A moderare i lavori, il giornalista Mattia Iovane (RAI, Il [&hellip;]<\/p>\n","protected":false},"author":18,"featured_media":252830,"comment_status":"closed","ping_status":"closed","sticky":false,"template":"","format":"standard","meta":{"ub_ctt_via":"","_mi_skip_tracking":false},"categories":[446],"tags":[783],"featured_image_src":"https:\/\/www.messinaoggi.it\/website\/wp-content\/uploads\/2025\/10\/20251022_0812.jpg","author_info":{"display_name":"Admin","author_link":"https:\/\/www.messinaoggi.it\/website\/author\/admin\/"},"digistream_id":0,"digistream":false,"_links":{"self":[{"href":"https:\/\/www.messinaoggi.it\/website\/wp-json\/wp\/v2\/posts\/252829"}],"collection":[{"href":"https:\/\/www.messinaoggi.it\/website\/wp-json\/wp\/v2\/posts"}],"about":[{"href":"https:\/\/www.messinaoggi.it\/website\/wp-json\/wp\/v2\/types\/post"}],"author":[{"embeddable":true,"href":"https:\/\/www.messinaoggi.it\/website\/wp-json\/wp\/v2\/users\/18"}],"replies":[{"embeddable":true,"href":"https:\/\/www.messinaoggi.it\/website\/wp-json\/wp\/v2\/comments?post=252829"}],"version-history":[{"count":0,"href":"https:\/\/www.messinaoggi.it\/website\/wp-json\/wp\/v2\/posts\/252829\/revisions"}],"wp:featuredmedia":[{"embeddable":true,"href":"https:\/\/www.messinaoggi.it\/website\/wp-json\/wp\/v2\/media\/252830"}],"wp:attachment":[{"href":"https:\/\/www.messinaoggi.it\/website\/wp-json\/wp\/v2\/media?parent=252829"}],"wp:term":[{"taxonomy":"category","embeddable":true,"href":"https:\/\/www.messinaoggi.it\/website\/wp-json\/wp\/v2\/categories?post=252829"},{"taxonomy":"post_tag","embeddable":true,"href":"https:\/\/www.messinaoggi.it\/website\/wp-json\/wp\/v2\/tags?post=252829"}],"curies":[{"name":"wp","href":"https:\/\/api.w.org\/{rel}","templated":true}]}}