{"id":252807,"date":"2025-10-22T13:27:01","date_gmt":"2025-10-22T11:27:01","guid":{"rendered":"http:\/\/www.messinaoggi.it\/website\/?p=252807"},"modified":"2025-10-22T13:27:04","modified_gmt":"2025-10-22T11:27:04","slug":"gli-ambulatori-di-prossimita-di-asp-si-ampliano-ora-attivi-sei-presidi-territoriali-per-contrastare-la-poverta-sanitaria","status":"publish","type":"post","link":"https:\/\/www.messinaoggi.it\/website\/2025\/10\/22\/gli-ambulatori-di-prossimita-di-asp-si-ampliano-ora-attivi-sei-presidi-territoriali-per-contrastare-la-poverta-sanitaria\/","title":{"rendered":"Gli Ambulatori di Prossimit\u00e0 di ASP si ampliano: ora attivi sei presidi territoriali per contrastare la povert\u00e0 sanitaria"},"content":{"rendered":"\n<p>L\u2019Azienda Sanitaria Provinciale di Messina rinnova l\u2019invito alla cittadinanza a conoscere e usufruire degli Ambulatori di prossimit\u00e0, attivi nell\u2019ambito del Programma Nazionale di Equit\u00e0 nella Salute (PNES) \u2013 Area \u201cContrastare la povert\u00e0 sanitaria\u201d, e destinati alla presa in carico delle persone in condizioni di vulnerabilit\u00e0 socio-economica. Dopo l\u2019apertura dei primi presidi nei Distretti di Messina, Milazzo e Mistretta, la rete si amplia oggi con tre nuovi punti di riferimento: Barcellona Pozzo di Gotto, Sant\u2019Agata di Militello e Tusa. <div id=\"div-gpt-ad-Messinaoggi.it-DSK-300x250-corpoart\" style=\"text-align:center;margin:0 auto;\"><\/div><\/p>\n\n\n\n<p>Si tratta di un ulteriore passo avanti nel percorso di potenziamento della medicina di prossimit\u00e0 e di riduzione delle disuguaglianze di accesso alle cure, con l\u2019obiettivo di garantire a tutti i cittadini, anche a coloro che vivono in condizioni di marginalit\u00e0, un\u2019assistenza sanitaria e sociosanitaria di qualit\u00e0.L\u2019intervento, finanziato dal Fondo Coesione Italia 2021\u20132027 e cofinanziato dall\u2019Unione Europea (FESR, FSE+), sotto la guida dell\u2019Istituto Nazionale per la promozione della salute delle popolazioni Migranti e per il contrasto delle malattie della Povert\u00e0 (INMP), consente di offrire prestazioni mediche e sociali integrate attraverso \u00e9quipe multidisciplinari composte da medici, infermieri, assistenti sociali, mediatori culturali e personale amministrativo.<div id=\"videoincontent\" style=\"clear:both\";><\/div><\/p>\n\n\n\n<figure class=\"wp-block-image size-large\"><img loading=\"lazy\" width=\"1024\" height=\"1024\" src=\"http:\/\/www.messinaoggi.it\/website\/wp-content\/uploads\/2025\/10\/IMG-20251022-WA0001-1024x1024.jpg\" alt=\"\" class=\"wp-image-252812\" srcset=\"https:\/\/www.messinaoggi.it\/website\/wp-content\/uploads\/2025\/10\/IMG-20251022-WA0001-1024x1024.jpg 1024w, https:\/\/www.messinaoggi.it\/website\/wp-content\/uploads\/2025\/10\/IMG-20251022-WA0001-300x300.jpg 300w, https:\/\/www.messinaoggi.it\/website\/wp-content\/uploads\/2025\/10\/IMG-20251022-WA0001-150x150.jpg 150w, https:\/\/www.messinaoggi.it\/website\/wp-content\/uploads\/2025\/10\/IMG-20251022-WA0001-768x768.jpg 768w, https:\/\/www.messinaoggi.it\/website\/wp-content\/uploads\/2025\/10\/IMG-20251022-WA0001-1536x1536.jpg 1536w, https:\/\/www.messinaoggi.it\/website\/wp-content\/uploads\/2025\/10\/IMG-20251022-WA0001.jpg 1600w\" sizes=\"(max-width: 1024px) 100vw, 1024px\" \/><\/figure>\n\n\n\n<p>L\u2019obiettivo degli ambulatori \u00e8 facilitare l\u2019accesso al Servizio Sanitario Nazionale rappresentando un modello di sanit\u00e0 di comunit\u00e0, attenta ai bisogni delle fasce pi\u00f9 deboli, garantendo la presa in carico delle persone svantaggiate sotto l\u2019aspetto economico e sociale, orientandole  verso le prestazioni sanitarie e sociosanitarie di cui necessitano.A completare l\u2019offerta, \u00e8 ora attivo anche un ambulatorio odontoiatrico dedicato, per garantire le cure necessarie e interventi pre-protesici e protesici, qualora il medico dell\u2019ambulatorio di prossimit\u00e0 ne valuti la necessit\u00e0.Grazie anche all\u2019impiego dei motorhome mobili, i camper sanitari attrezzati per raggiungere le aree pi\u00f9 periferiche e isolate, l\u2019ASP di Messina continua a perseguire l\u2019obiettivo di una salute equa e accessibile a tutti, riducendo progressivamente le barriere geografiche, culturali ed economiche.<\/p>\n\n\n\n<p>Gli ambulatori di prossimit\u00e0 attualmente attivi sono:<\/p>\n\n\n\n<ul><li>Messina \u2013 Via Aurelio Saffi n. 2 \u2013 marted\u00ec e venerd\u00ec, ore 15:00\u201319:00 tel. 090 3653522; <\/li><\/ul>\n\n\n\n<ul><li>Milazzo \u2013 Via G.B. Impallomeni n. 45 \u2013 luned\u00ec e mercoled\u00ec, ore 15:00\u201318:00 tel. 0909281158; <\/li><\/ul>\n\n\n\n<ul><li>Barcellona P.G. \u2013 Via Statale Oreto, 113 \u2013 mercoled\u00ec ore 15:00-18:00;Mistretta \u2013 Via Giovanni Verga, piano terra \u2013 marted\u00ec ore 15:00\u201318:00 tel.0921 389469; <\/li><\/ul>\n\n\n\n<ul><li>Sant\u2019Agata di Militello \u2013 Via Medici, 14 \u2013 venerd\u00ec ore 15:00-19:00 tel. 0941 720599; Tusa \u2013Via Roma, 1 \u2013 marted\u00ec ore 15:00-18:00 <\/li><\/ul>\n\n\n\n<p>Popolazione target: sono i cittadini senza fissa dimora, cittadini di Paesi Terzi (incluse le comunit\u00e0 Rom, Sinti e Caminanti), cittadini con certificazione ISEE inferiore ai 10.000 Euro, cittadini con codice STP (Straniero Temporaneamente Presente in Italia), i cittadini stranieri  ai quali viene attribuito un codice identificativo regionale preceduto dalla sigla Eni (Europeo non iscritto), cittadini con esenzione del reddito, cittadini con dichiarazione dei servizi sociali. <\/p>\n\n\n\n<p>L\u2019Asp di Messina conferma cos\u00ec il proprio impegno nel costruire una sanit\u00e0 pi\u00f9 vicina, inclusiva e solidale, fondata sui principi di equit\u00e0, prossimit\u00e0 e diritto universale alla salute. Per informazioni e prenotazioni: rivolgersi ai Distretti sanitari di riferimento o consultare il sito istituzionale www.asp.messina.it.<\/p>\n","protected":false},"excerpt":{"rendered":"<p>L\u2019Azienda Sanitaria Provinciale di Messina rinnova l\u2019invito alla cittadinanza a conoscere e usufruire degli Ambulatori di prossimit\u00e0, attivi nell\u2019ambito del Programma Nazionale di Equit\u00e0 nella Salute (PNES) \u2013 Area \u201cContrastare la povert\u00e0 sanitaria\u201d, e destinati alla presa in carico delle persone in condizioni di vulnerabilit\u00e0 socio-economica. Dopo l\u2019apertura dei primi presidi nei Distretti di Messina, [&hellip;]<\/p>\n","protected":false},"author":15,"featured_media":186745,"comment_status":"open","ping_status":"open","sticky":false,"template":"","format":"standard","meta":{"ub_ctt_via":"","_mi_skip_tracking":false},"categories":[5,6],"tags":[11731,40,10982,113],"featured_image_src":"https:\/\/www.messinaoggi.it\/website\/wp-content\/uploads\/2024\/02\/IMG-20240209-WA0002.jpg","author_info":{"display_name":"red.me","author_link":"https:\/\/www.messinaoggi.it\/website\/author\/red-me\/"},"digistream_id":0,"digistream":false,"_links":{"self":[{"href":"https:\/\/www.messinaoggi.it\/website\/wp-json\/wp\/v2\/posts\/252807"}],"collection":[{"href":"https:\/\/www.messinaoggi.it\/website\/wp-json\/wp\/v2\/posts"}],"about":[{"href":"https:\/\/www.messinaoggi.it\/website\/wp-json\/wp\/v2\/types\/post"}],"author":[{"embeddable":true,"href":"https:\/\/www.messinaoggi.it\/website\/wp-json\/wp\/v2\/users\/15"}],"replies":[{"embeddable":true,"href":"https:\/\/www.messinaoggi.it\/website\/wp-json\/wp\/v2\/comments?post=252807"}],"version-history":[{"count":5,"href":"https:\/\/www.messinaoggi.it\/website\/wp-json\/wp\/v2\/posts\/252807\/revisions"}],"predecessor-version":[{"id":252813,"href":"https:\/\/www.messinaoggi.it\/website\/wp-json\/wp\/v2\/posts\/252807\/revisions\/252813"}],"wp:featuredmedia":[{"embeddable":true,"href":"https:\/\/www.messinaoggi.it\/website\/wp-json\/wp\/v2\/media\/186745"}],"wp:attachment":[{"href":"https:\/\/www.messinaoggi.it\/website\/wp-json\/wp\/v2\/media?parent=252807"}],"wp:term":[{"taxonomy":"category","embeddable":true,"href":"https:\/\/www.messinaoggi.it\/website\/wp-json\/wp\/v2\/categories?post=252807"},{"taxonomy":"post_tag","embeddable":true,"href":"https:\/\/www.messinaoggi.it\/website\/wp-json\/wp\/v2\/tags?post=252807"}],"curies":[{"name":"wp","href":"https:\/\/api.w.org\/{rel}","templated":true}]}}