{"id":2527,"date":"2017-06-09T11:38:52","date_gmt":"2017-06-09T09:38:52","guid":{"rendered":"http:\/\/www.messinaoggi.it\/website\/?p=2527"},"modified":"2017-06-09T11:38:52","modified_gmt":"2017-06-09T09:38:52","slug":"fioretti-si-congeda-dalla-betaland-sindoni-sempre-parte-della-nostra-famiglia","status":"publish","type":"post","link":"https:\/\/www.messinaoggi.it\/website\/2017\/06\/09\/fioretti-si-congeda-dalla-betaland-sindoni-sempre-parte-della-nostra-famiglia\/","title":{"rendered":"Fioretti si congeda dalla Betaland. Sindoni: &quot;Sempre parte della nostra famiglia&quot;"},"content":{"rendered":"<p style=\"text-align: justify\"><em>&#8220;Chi veste ed onora i nostri colori, ha sempre il mio rispetto e la mia gratitudine. Poche volte \u00e8 bastata una sola stagione per entrare nel mio cuore non solo per impegno e professionalit\u00e0, che fanno di Fioretti un allenatore di alto livello, ma anche per valori e sensibilit\u00e0&#8221; Il presidente Enzo Sindoni saluta con queste parole di stima,\u00a0<\/em>Flavio Fioretti. Il tecnico ha lasciato lo staff tecnico della Betaland, ma il patron si augura che non sia un addio definitivo: &#8220;<em>L\u2019affetto e la stima che ho maturato per Flavio mi spingono all&#8217;auspicio\u00a0che si tratti di un arrivederci, ed all\u2019augurio che in ambito personale e professionale, raggiunga risultati ed obiettivi all\u2019altezza delle sue qualit\u00e0 umane. Grazie Flavio, farai per sempre parte della famiglia Orlandina&#8221;.<\/em><div id=\"div-gpt-ad-Messinaoggi.it-DSK-300x250-corpoart\" style=\"text-align:center;margin:0 auto;\"><\/div><\/p>\n<p style=\"text-align: justify\"><strong>Il saluto di Fioretti indirizzato alla societ\u00e0 paladina e alla citt\u00e0 di Capo d&#8217;Orlando.<\/strong><div id=\"videoincontent\" style=\"clear:both\";><\/div><\/p>\n<p style=\"text-align: justify\"><em>&#8220;Arrivederci Capo. Ringrazio di cuore il presidente Enzo Sindoni, suo figlio Peppe e coach Di Carlo per la stima nei miei confronti e per l\u2019offerta che mi avevano presentato per rimanere a Capo d\u2019Orlando. Da loro ho avuto piena conferma e volont\u00e0 di continuare il percorso insieme, ma per questioni personali che non riguardano l\u2019ambito lavorativo ho preso una decisione diversa. Non \u00e8 stato facile, perch\u00e9 sia io che mia moglie abbiamo lasciato met\u00e0 cuore in Sicilia e proprio per questo motivo speriamo di tornare al pi\u00f9 presto per ricominciare a sognare insieme. Ringrazio con affetto tutti i tifosi che ci hanno sostenuto durante l\u2019anno, nostro motore e spinta di orgoglio per la citt\u00e0, ricorder\u00f2 la carica che ci hanno dato ogni partita ed i canti a squarciagola che ci hanno caricato in ogni momento; saluto con un abbraccio alcuni di loro con cui \u00e8 nata una bellissima amicizia; applaudo tutti i collaboratori e giocatori dell\u2019Orlandina che mi hanno \u201csopportato\u201d, da ognuno di loro ho rubato un consiglio, un gesto, un sorriso. Considero Capo D\u2019Orlando una tappa fondamentale per la mia crescita ed un posto che consiglierei a chiunque per venire a lavorare e anche a vivere. Qui ho riscoperto quei sentimenti che ho imparato a Cant\u00f9 i primi anni, quando da bambino giocavo e quando ho iniziato la mia avventura in panchina. A Capo d\u2019Orlando i valori umani vengono prima di tutto, sono la forza di questa societ\u00e0, di questa grande famiglia che vive di basket. Anche nel giorno della mia decisione sono stati speciali nel capire le mie motivazioni e nel sottolineare che si tratta esclusivamente di un arrivederci. In solo un anno abbiamo navigato tutti insieme sempre nella stessa direzione, tutti protagonisti nel remare verso un sogno ed entrare nella storia della societ\u00e0 con un risultato al di sopra di ogni aspettativa. Il carisma di Enzo Sindoni che fin dal primo giorno al mio arrivo mi disse che quest\u2019anno avrei festeggiato il mio compleanno con la qualificazione ai play off, la competenza di suo figlio Peppe nel trovare sconosciuti di talento e la tenacia di Gennaro ci hanno guidato tutto l\u2019anno, ogni secondo, per migliorarci giornalmente come uomini e come giocatori. Questo \u00e8 solo l\u2019inizio! Faccio un grande in bocca al lupo a Capo per il futuro con la voglia di tornare a lavorare in questa splendida realt\u00e0 sportiva. Arrivederci a Presto. Grazie a tutti, siete ognuno di voi nel mio cuore. Avanti Capo!&#8221;.\u00a0<\/em><\/p>\n<p> <\/p>\n","protected":false},"excerpt":{"rendered":"<p>&#8220;Chi veste ed onora i nostri colori, ha sempre il mio rispetto e la mia gratitudine. Poche volte \u00e8 bastata una sola stagione per entrare nel mio cuore non solo per impegno e professionalit\u00e0, che fanno di Fioretti un allenatore di alto livello, ma anche per valori e sensibilit\u00e0&#8221; Il presidente Enzo Sindoni saluta con [&hellip;]<\/p>\n","protected":false},"author":6,"featured_media":2529,"comment_status":"closed","ping_status":"open","sticky":false,"template":"","format":"standard","meta":{"ub_ctt_via":"","_mi_skip_tracking":false},"categories":[8,9],"tags":[],"featured_image_src":"https:\/\/www.messinaoggi.it\/website\/wp-content\/uploads\/2017\/06\/OE40835-300x200-3.jpg","author_info":{"display_name":"Redazione MessinaOggi.it","author_link":"https:\/\/www.messinaoggi.it\/website\/author\/p-vinci\/"},"digistream_id":0,"digistream":false,"_links":{"self":[{"href":"https:\/\/www.messinaoggi.it\/website\/wp-json\/wp\/v2\/posts\/2527"}],"collection":[{"href":"https:\/\/www.messinaoggi.it\/website\/wp-json\/wp\/v2\/posts"}],"about":[{"href":"https:\/\/www.messinaoggi.it\/website\/wp-json\/wp\/v2\/types\/post"}],"author":[{"embeddable":true,"href":"https:\/\/www.messinaoggi.it\/website\/wp-json\/wp\/v2\/users\/6"}],"replies":[{"embeddable":true,"href":"https:\/\/www.messinaoggi.it\/website\/wp-json\/wp\/v2\/comments?post=2527"}],"version-history":[{"count":0,"href":"https:\/\/www.messinaoggi.it\/website\/wp-json\/wp\/v2\/posts\/2527\/revisions"}],"wp:featuredmedia":[{"embeddable":true,"href":"https:\/\/www.messinaoggi.it\/website\/wp-json\/wp\/v2\/media\/2529"}],"wp:attachment":[{"href":"https:\/\/www.messinaoggi.it\/website\/wp-json\/wp\/v2\/media?parent=2527"}],"wp:term":[{"taxonomy":"category","embeddable":true,"href":"https:\/\/www.messinaoggi.it\/website\/wp-json\/wp\/v2\/categories?post=2527"},{"taxonomy":"post_tag","embeddable":true,"href":"https:\/\/www.messinaoggi.it\/website\/wp-json\/wp\/v2\/tags?post=2527"}],"curies":[{"name":"wp","href":"https:\/\/api.w.org\/{rel}","templated":true}]}}