{"id":252672,"date":"2025-10-21T09:40:08","date_gmt":"2025-10-21T07:40:08","guid":{"rendered":"http:\/\/www.messinaoggi.it\/website\/?p=252672"},"modified":"2025-10-21T09:50:50","modified_gmt":"2025-10-21T07:50:50","slug":"street-food-il-comune-paga-i-costi-i-privati-dividono-gli-utili","status":"publish","type":"post","link":"https:\/\/www.messinaoggi.it\/website\/2025\/10\/21\/street-food-il-comune-paga-i-costi-i-privati-dividono-gli-utili\/","title":{"rendered":"\u201cStreet Food\u201d: il Comune paga i costi, i privati dividono gli utili"},"content":{"rendered":"\n<p>Partiamo dalla parolina \u201c<em>magica<\/em>\u201d <strong>co-organizzazione<\/strong>, contenuta nella delibera di Giunta <strong>n.<\/strong> <strong>660 dello scorso 29 settembre<\/strong>. L\u2019amministrazione comunale quasi al completo (unico assente <strong>Roberto Cicala<\/strong>), ha approvato un finanziamento da <strong>31.720,00<\/strong> euro alla \u201c<strong>Eventivamente Srl<\/strong>\u201d, societ\u00e0 amministrata da <strong>Alberto Palella<\/strong> \u2013 presidente provinciale di Confesercenti \u2013, organizzatrice dello \u201c<strong>Street Food<\/strong>\u201d, giunto alla sua settima edizione.<div id=\"div-gpt-ad-Messinaoggi.it-DSK-300x250-corpoart\" style=\"text-align:center;margin:0 auto;\"><\/div><\/p>\n\n\n\n<p>La parola \u201c<em>magica<\/em>\u201d \u00e8 funzionale \u2013 secondo gli esperti di Palazzo Zanca \u2013 al rilascio di un robusto finanziamento ad un privato, cui si aggiungono dei servizi il cui costo, piuttosto importante, ricade sulla cittadinanza.<div id=\"videoincontent\" style=\"clear:both\";><\/div><\/p>\n\n\n\n<figure class=\"wp-block-image size-large\"><img loading=\"lazy\" width=\"1024\" height=\"768\" src=\"http:\/\/www.messinaoggi.it\/website\/wp-content\/uploads\/2025\/10\/561599797_1370216101128372_3689257929221503197_n-1024x768.jpg\" alt=\"\" class=\"wp-image-252673\" srcset=\"https:\/\/www.messinaoggi.it\/website\/wp-content\/uploads\/2025\/10\/561599797_1370216101128372_3689257929221503197_n-1024x768.jpg 1024w, https:\/\/www.messinaoggi.it\/website\/wp-content\/uploads\/2025\/10\/561599797_1370216101128372_3689257929221503197_n-300x225.jpg 300w, https:\/\/www.messinaoggi.it\/website\/wp-content\/uploads\/2025\/10\/561599797_1370216101128372_3689257929221503197_n-768x576.jpg 768w, https:\/\/www.messinaoggi.it\/website\/wp-content\/uploads\/2025\/10\/561599797_1370216101128372_3689257929221503197_n-1536x1152.jpg 1536w, https:\/\/www.messinaoggi.it\/website\/wp-content\/uploads\/2025\/10\/561599797_1370216101128372_3689257929221503197_n.jpg 2048w\" sizes=\"(max-width: 1024px) 100vw, 1024px\" \/><figcaption><strong>Cateno De Luca con Alberto Palella<\/strong><\/figcaption><\/figure>\n\n\n\n<p><strong>Il Comune paga i costi<\/strong><\/p>\n\n\n\n<p>La delibera con la quale la Giunta ha autorizzato lo \u201c<strong>Street Food<\/strong>\u201d prevede non solo un <strong>contributo economico<\/strong> finalizzato al pagamento della fornitura del palco, del service audio-luci, dei costi per presentatori e conduttori delle serate, della Siae e della guardiania notturna; ma anche di alcuni importanti servizi come la gratuit\u00e0 del costo per l\u2019occupazione del suolo pubblico; l\u2019esenzione della tassa per la pubblicit\u00e0; la fornitura dell\u2019acqua da parte di AMAM; il servizio di pulizia dell\u2019area occupata a piazza Cairoli, raccolta e smaltimento dei rifiuti; fornitura dei mezzi pubblici di ATM per il servizio di sicurezza per le norme antiterrorismo; servizi di polizia municipale (<strong>l\u2019argomento lo approfondiamo in seguito<\/strong>)<\/p>\n\n\n\n<p>In buona sostanza, il Comune si \u00e8 fatto carico di tutti i servizi funzionali alla realizzazione dell\u2019evento, sollevando la \u201c<strong>Eventivamente Srl<\/strong>\u201d dal sostenere le spese che in passato altri hanno dovuto sostenere per iniziative analoghe.<\/p>\n\n\n\n<p>La parolina \u201c<em>magica<\/em>\u201d <strong>co-organizzazione<\/strong>, secondo Palazzo Zanca, serve per mettere al riparo gli amministratori da possibili ingerenze da parte della Corte dei Conti. Ma purtroppo non \u00e8 cos\u00ec e lo spiegheremo meglio.<\/p>\n\n\n\n<p><strong>Il Comune \u201cregala\u201d il suolo pubblico<\/strong><\/p>\n\n\n\n<p>Se l\u2019organizzazione dello \u201c<strong>Street Food<\/strong>\u201d dovesse pagare l\u2019occupazione del suolo pubblico, come fanno normalmente i titolari di bar e ritrovi cittadini, per il periodo di istallazione delle casette che va da 15 a 20 giorni fra montaggio, evento e smontaggio, non basterebbe qualcosa come <strong>30\/40 mila euro<\/strong>. Soldi che finirebbero nelle casse comunali. Ma il Comune rinuncia mentre li pretende giustamente da chi ha bar o ritrovi cittadini.<\/p>\n\n\n\n<p>E mentre i cittadini si trovano i conti correnti pignorati perch\u00e9 in difficolat\u00e0,  l\u2019<strong>AMAM<\/strong> \u201cregala\u201d l\u2019acqua alla \u201cEventivamente Srl\u201d; nessun costo nemmeno a carico del privato per il noleggio dei mezzi <strong>ATM<\/strong> collocati all\u2019ingresso della piazza per ragioni di sicurezza. Servizi che non siamo in grado di contabilizzare, ma che costerebbero, se pagati, parecchie <strong>decine di migliaia di euro<\/strong>.<\/p>\n\n\n\n<p>Soldi che Palazzo rinuncia di incassare e che alla fine gravano sul cittadino.<\/p>\n\n\n\n<p><strong>Il Comune pu\u00f2 co-organizzare un evento con fini di lucro?<\/strong><\/p>\n\n\n\n<p>La domanda sembrerebbe pretestuosa, ma \u00e8 necessaria porla perch\u00e9 non \u00e8 chiaro se una pubblica amministrazione possa organizzare con un \u201c<strong>socio<\/strong>\u201d privato un evento con finalit\u00e0 di lucro. Lo \u201c<strong>Street Food<\/strong>\u201d, in fin dei conti, \u00e8 un evento promosso da un privato, attraverso la \u201ccopertura\u201d di un\u2019associazione come la <strong>Confesercenti<\/strong>, presieduta da <strong>Alberto Palella<\/strong> che incarna anche la veste di <strong>amministratore unico di una societ\u00e0 privata<\/strong>, di cui socia di maggioranza \u00e8 <strong>Debora Lo Presti<\/strong>, moglie di <strong>Alberto Palella<\/strong>.<\/p>\n\n\n\n<p>Gli altri soci, come risulta dalla visura camerale, sono lo stesso <strong>Palella<\/strong>, <strong>Benedetto <\/strong>(<strong>Benny<\/strong>) <strong>Bonaffini<\/strong>, <strong>Carlo Span\u00f2<\/strong> e <strong>Andrea Ipsaro Passione<\/strong>.<\/p>\n\n\n\n<figure class=\"wp-block-image size-large\"><img loading=\"lazy\" width=\"1024\" height=\"768\" src=\"http:\/\/www.messinaoggi.it\/website\/wp-content\/uploads\/2025\/10\/565138366_1370216294461686_7808601808780743030_n.jpg\" alt=\"\" class=\"wp-image-252675\" srcset=\"https:\/\/www.messinaoggi.it\/website\/wp-content\/uploads\/2025\/10\/565138366_1370216294461686_7808601808780743030_n.jpg 1024w, https:\/\/www.messinaoggi.it\/website\/wp-content\/uploads\/2025\/10\/565138366_1370216294461686_7808601808780743030_n-300x225.jpg 300w, https:\/\/www.messinaoggi.it\/website\/wp-content\/uploads\/2025\/10\/565138366_1370216294461686_7808601808780743030_n-768x576.jpg 768w\" sizes=\"(max-width: 1024px) 100vw, 1024px\" \/><figcaption><strong>Basile, Finocchiaro e De Luca con Palella e Bonaffini brindano alla &#8220;salute&#8221; dei messinesi<\/strong><\/figcaption><\/figure>\n\n\n\n<p>La risposta alla domanda \u00e8 decisamente no, ma aspettiamo qualche chiarimento da parte dell\u2019amministrazione comunale e in modo particolare dall\u2019assessore <strong>Massimo Finocchiaro<\/strong> che ha proposto la delibera alla giunta municipale della quale egli stesso fa parte.<\/p>\n\n\n\n<p><strong>Un giro d\u2019affari di oltre 600mila euro<\/strong><\/p>\n\n\n\n<p>Lo \u201c<strong>Street Food<\/strong>\u201d \u00e8 un\u2019operazione importante che muove qualcosa come <strong>600mila euro<\/strong> ad edizione. Si tratta ovviamente di una stima che potrebbe essere corretta anche per eccesso. Un \u201c<strong>business<\/strong>\u201d importante per il quale non si possono che fare i complimenti agli organizzatori \u2013 questo va specificato \u2013, ma che \u00e8 reso possibile (<strong>il business<\/strong>), perch\u00e9 <strong>Palazzo Zanca<\/strong> si <strong>assume l\u2019onere dei costi<\/strong>.<\/p>\n\n\n\n<p>La \u201c<strong>Eventivamente Srl<\/strong>\u201d vende una singola casetta al prezzo variabile fra <strong>600 e 900 euro<\/strong> e incassa il <strong>30% di ciascun token<\/strong>. Ecco spiegato il motivo per il quale, ad esempio un <strong>pidone<\/strong> o un <strong>arancino<\/strong> costano <strong>4 euro<\/strong>, invece dei canonici <strong>2,5<\/strong>. L\u2019utile stimato per singola edizione, che finisce nelle casse del privato \u00e8 di circa <strong>250mila euro<\/strong> compresi introiti di sponsor e partenariati.<\/p>\n\n\n\n<p><strong>La \u201cpericolosa\u201d sentenza della Corte dei Conti<\/strong><\/p>\n\n\n\n<p>\u201c<em>Danno erariale per mancato addebito del costo della polizia locale ai privati per eventi a scopo di lucro<\/em>\u201d. Con questa motivazione  la Sezione giurisdizionale per la Campania della <strong>Corte dei Conti<\/strong>, lo scorso 25 marzo (<strong>sentenza n. 106<\/strong>), ha <strong>condannato per danno erariale gli assessori alla Polizia municipale<\/strong>. Gli Enti locali, secondo la magistratura contabile, sono tenuti a \u201c<strong>ribaltare<\/strong>\u201d sui privati <strong>il costo dei servizi resi dal corpo di polizia municipale nell\u2019ambito di eventi a scopo di lucro soggetti, quindi, al pagamento<\/strong> (art. 22, comma 3-bis, del D.l. n. 50\/2017).<\/p>\n\n\n\n<p>Lo \u201c<strong>Street Food<\/strong>\u201d \u00e8 un evento a fini di lucro e quindi i costi \u2013 secondo la Corte dei Conti \u2013 dovrebbero ricadere sulla societ\u00e0 che l\u2019ha organizzato. Ma a Messina al privato che organizza eventi con fini di lucro gli danno contributi e gli pagano anche i servizi. Mentre i privati si dividono gli utili.<\/p>\n\n\n\n<p><strong>Gi\u00e0 pensano al Natale<\/strong><\/p>\n\n\n\n<p>Il Natale \u00e8 alle porte e gi\u00e0 i privati si stanno organizzando per il \u201cbusiness\u201d di piazza Cairoli, dove da due anni a questa parte Palazzo Zanca sgancia i soldi per l\u2019allestimento del villaggio. In pratica \u00e8 un\u2019edizione invernale dello \u201cStreet Food\u201d con gli stessi attori che operano nell\u2019ombra.<\/p>\n","protected":false},"excerpt":{"rendered":"<p>Partiamo dalla parolina \u201cmagica\u201d co-organizzazione, contenuta nella delibera di Giunta n. 660 dello scorso 29 settembre. L\u2019amministrazione comunale quasi al completo (unico assente Roberto Cicala), ha approvato un finanziamento da 31.720,00 euro alla \u201cEventivamente Srl\u201d, societ\u00e0 amministrata da Alberto Palella \u2013 presidente provinciale di Confesercenti \u2013, organizzatrice dello \u201cStreet Food\u201d, giunto alla sua settima edizione. [&hellip;]<\/p>\n","protected":false},"author":2,"featured_media":252674,"comment_status":"open","ping_status":"open","sticky":false,"template":"","format":"standard","meta":{"ub_ctt_via":"","_mi_skip_tracking":false},"categories":[19],"tags":[],"featured_image_src":"https:\/\/www.messinaoggi.it\/website\/wp-content\/uploads\/2025\/10\/564621901_1370215467795102_4296413292028777615_n.jpg","author_info":{"display_name":"Redazione","author_link":"https:\/\/www.messinaoggi.it\/website\/author\/redazione\/"},"digistream_id":0,"digistream":false,"_links":{"self":[{"href":"https:\/\/www.messinaoggi.it\/website\/wp-json\/wp\/v2\/posts\/252672"}],"collection":[{"href":"https:\/\/www.messinaoggi.it\/website\/wp-json\/wp\/v2\/posts"}],"about":[{"href":"https:\/\/www.messinaoggi.it\/website\/wp-json\/wp\/v2\/types\/post"}],"author":[{"embeddable":true,"href":"https:\/\/www.messinaoggi.it\/website\/wp-json\/wp\/v2\/users\/2"}],"replies":[{"embeddable":true,"href":"https:\/\/www.messinaoggi.it\/website\/wp-json\/wp\/v2\/comments?post=252672"}],"version-history":[{"count":3,"href":"https:\/\/www.messinaoggi.it\/website\/wp-json\/wp\/v2\/posts\/252672\/revisions"}],"predecessor-version":[{"id":252678,"href":"https:\/\/www.messinaoggi.it\/website\/wp-json\/wp\/v2\/posts\/252672\/revisions\/252678"}],"wp:featuredmedia":[{"embeddable":true,"href":"https:\/\/www.messinaoggi.it\/website\/wp-json\/wp\/v2\/media\/252674"}],"wp:attachment":[{"href":"https:\/\/www.messinaoggi.it\/website\/wp-json\/wp\/v2\/media?parent=252672"}],"wp:term":[{"taxonomy":"category","embeddable":true,"href":"https:\/\/www.messinaoggi.it\/website\/wp-json\/wp\/v2\/categories?post=252672"},{"taxonomy":"post_tag","embeddable":true,"href":"https:\/\/www.messinaoggi.it\/website\/wp-json\/wp\/v2\/tags?post=252672"}],"curies":[{"name":"wp","href":"https:\/\/api.w.org\/{rel}","templated":true}]}}