{"id":252635,"date":"2025-10-20T13:39:16","date_gmt":"2025-10-20T11:39:16","guid":{"rendered":"http:\/\/www.messinaoggi.it\/website\/?p=252635"},"modified":"2025-10-20T13:39:21","modified_gmt":"2025-10-20T11:39:21","slug":"vertenza-cargill-pd-assessore-tamajo-apra-tavolo-prima-del-29-ottobre","status":"publish","type":"post","link":"https:\/\/www.messinaoggi.it\/website\/2025\/10\/20\/vertenza-cargill-pd-assessore-tamajo-apra-tavolo-prima-del-29-ottobre\/","title":{"rendered":"Vertenza Cargill, PD: \u201cAssessore Tamajo apra tavolo prima del 29 Ottobre\u201d"},"content":{"rendered":"\n<p>\u201cSe all\u2019atteggiamento di chiusura della multinazionale il governo regionale dovesse rispondere con timidezza ed ignavia i rischi per i livelli occupazionali sono altissimi. L\u2019assessore Tamajo rispetti gli impegni assunti in Commissione convocando il tavolo con il Ministero dell\u2019Industria prima del 29 Ottobre non c\u2019\u00e8 pi\u00f9 tempo da perdere per creare il necessario supporto istituzionale a tutela di lavoratrici e lavoratori di Cargill ma pi\u00f9 complessivamente per difendere l\u2019area industriale del suo complesso\u201d. <div id=\"div-gpt-ad-Messinaoggi.it-DSK-300x250-corpoart\" style=\"text-align:center;margin:0 auto;\"><\/div><\/p>\n\n\n\n<p>Lo dichiarano i deputati regionali del Partito Democratico <strong>Dario Safina<\/strong> e <strong>Nello Dipasquale<\/strong>, membri della Commissione Attivit\u00e0 Produttive all\u2019ARS, insieme con <strong>Calogero Leanza<\/strong>, deputato eletto eletto in provincia di Messina, dopo l\u2019incontro \u201ca vuoto\u201d di Filctem-Cgil, Femca-Cisl e Uiltec-Uil con i rappresentati di Cargill che venerd\u00ec scorso non hanno inteso accedere alla proposta per una immediata sospensione della procedura di licenziamento collettivo di tutti i dipendenti dello stabilimento di pectina di Giammoro. <div id=\"videoincontent\" style=\"clear:both\";><\/div><\/p>\n\n\n\n<p>\u201cL\u2019impegno della nostra deputazione e del PD nel suo complesso sulla vertenza Cargill, a fianco delle maestranze e delle organizzazioni sindacali \u2013 argomenta <strong>Domenico Siracusano<\/strong>, responsabile Lavoro della Segretaria Regionale del PD Sicilia &#8211; si inserisce nel pi\u00f9 ampio impegno del partito nella definizione di un piano regionale di politiche industriali che individui strategie per rilanciare l\u2019Area di Milazzo \u2013 Valle del Mela e gli altri siti industriali siciliani. Su questo ci giochiamo un passaggio decisivo \u2013 conclude \u2013 rispetto ad una progetto credibile per lo sviluppo sostenibile della nostra regione\u201d.<\/p>\n","protected":false},"excerpt":{"rendered":"<p>\u201cSe all\u2019atteggiamento di chiusura della multinazionale il governo regionale dovesse rispondere con timidezza ed ignavia i rischi per i livelli occupazionali sono altissimi. L\u2019assessore Tamajo rispetti gli impegni assunti in Commissione convocando il tavolo con il Ministero dell\u2019Industria prima del 29 Ottobre non c\u2019\u00e8 pi\u00f9 tempo da perdere per creare il necessario supporto istituzionale a [&hellip;]<\/p>\n","protected":false},"author":15,"featured_media":252643,"comment_status":"open","ping_status":"open","sticky":false,"template":"","format":"standard","meta":{"ub_ctt_via":"","_mi_skip_tracking":false},"categories":[4,6],"tags":[11710,6506,5344],"featured_image_src":"https:\/\/www.messinaoggi.it\/website\/wp-content\/uploads\/2025\/10\/Screenshot_20251010_124647_Maps-1.jpg","author_info":{"display_name":"red.me","author_link":"https:\/\/www.messinaoggi.it\/website\/author\/red-me\/"},"digistream_id":0,"digistream":false,"_links":{"self":[{"href":"https:\/\/www.messinaoggi.it\/website\/wp-json\/wp\/v2\/posts\/252635"}],"collection":[{"href":"https:\/\/www.messinaoggi.it\/website\/wp-json\/wp\/v2\/posts"}],"about":[{"href":"https:\/\/www.messinaoggi.it\/website\/wp-json\/wp\/v2\/types\/post"}],"author":[{"embeddable":true,"href":"https:\/\/www.messinaoggi.it\/website\/wp-json\/wp\/v2\/users\/15"}],"replies":[{"embeddable":true,"href":"https:\/\/www.messinaoggi.it\/website\/wp-json\/wp\/v2\/comments?post=252635"}],"version-history":[{"count":5,"href":"https:\/\/www.messinaoggi.it\/website\/wp-json\/wp\/v2\/posts\/252635\/revisions"}],"predecessor-version":[{"id":252642,"href":"https:\/\/www.messinaoggi.it\/website\/wp-json\/wp\/v2\/posts\/252635\/revisions\/252642"}],"wp:featuredmedia":[{"embeddable":true,"href":"https:\/\/www.messinaoggi.it\/website\/wp-json\/wp\/v2\/media\/252643"}],"wp:attachment":[{"href":"https:\/\/www.messinaoggi.it\/website\/wp-json\/wp\/v2\/media?parent=252635"}],"wp:term":[{"taxonomy":"category","embeddable":true,"href":"https:\/\/www.messinaoggi.it\/website\/wp-json\/wp\/v2\/categories?post=252635"},{"taxonomy":"post_tag","embeddable":true,"href":"https:\/\/www.messinaoggi.it\/website\/wp-json\/wp\/v2\/tags?post=252635"}],"curies":[{"name":"wp","href":"https:\/\/api.w.org\/{rel}","templated":true}]}}