{"id":252465,"date":"2025-10-17T13:21:53","date_gmt":"2025-10-17T11:21:53","guid":{"rendered":"http:\/\/www.messinaoggi.it\/website\/?p=252465"},"modified":"2025-10-17T13:22:29","modified_gmt":"2025-10-17T11:22:29","slug":"ora-nasce-il-nuovo-partito-di-boldrin-e-forchielli-con-sicilia-protagonista-e-messina-in-prima-linea","status":"publish","type":"post","link":"https:\/\/www.messinaoggi.it\/website\/2025\/10\/17\/ora-nasce-il-nuovo-partito-di-boldrin-e-forchielli-con-sicilia-protagonista-e-messina-in-prima-linea\/","title":{"rendered":"\u201cOra!\u201d: nasce il nuovo partito di Boldrin e Forchielli con Sicilia protagonista e Messina in prima linea"},"content":{"rendered":"\n<p>\u201cAdesso \u00e8 Ora!\u201d: non si tratta pi\u00f9 solo di uno slogan. Nasce un nuovo partito che punta a non essere uno dei tanti. Il movimento <strong>Drin Drin<\/strong>, nato dall\u2019iniziativa dell\u2019economista <strong>Michele Boldrin<\/strong> e dell\u2019imprenditore <strong>Alberto Forchielli<\/strong>, gi\u00e0 forte di oltre 14.500 iscritti, compie il grande salto e si trasforma ufficialmente in <strong>\u201cOra!\u201d<\/strong>, una nuova forza politica che punta a cambiare radicalmente il Paese.<div id=\"div-gpt-ad-Messinaoggi.it-DSK-300x250-corpoart\" style=\"text-align:center;margin:0 auto;\"><\/div><\/p>\n\n\n\n<p>Il Congresso fondativo si \u00e8 tenuto l\u201911 e 12 ottobre ad Abano Terme, segnando il passaggio da movimento a partito organizzato. Boldrin \u00e8 stato eletto segretario politico, Forchielli presidente, e gi\u00e0 si guarda alle prossime elezioni politiche del 2027.<div id=\"videoincontent\" style=\"clear:both\";><\/div><\/p>\n\n\n\n<h2>\u201cLe priorit\u00e0 da affrontare Ora!\u201d<\/h2>\n\n\n\n<p><\/p>\n\n\n\n<p>Nel manifesto programmatico, il nuovo partito individua come sfide centrali il ritardo tecnologico e la produttivit\u00e0, la crisi demografica, la riforma del fisco e della pubblica amministrazione, la semplificazione, la gestione dei flussi migratori, le politiche formative su scuola e universit\u00e0, e una maggiore integrazione europea con una politica estera e di difesa comune.<\/p>\n\n\n\n<p>L\u2019obiettivo \u00e8 chiaro: riformare l\u2019Italia per restituire un futuro ai giovani, che infatti costituiscono la maggioranza degli aderenti, la vera ossatura del partito. Tra l&#8217;altro il partito si \u00e8 gi\u00e0 espresso con forza su diversi temi scottanti dell&#8217;attualit\u00e0 politica, mostrando il suo orientamento europeista, pro-Ucraina, a difesa dell&#8217;autodeterminazione della Palestina e per una transizione ecologica orientata verso il ritorno al nucleare. <\/p>\n\n\n\n<h2>Sicilia protagonista<\/h2>\n\n\n\n<p><\/p>\n\n\n\n<p>Tra i territori pi\u00f9 attivi c\u2019\u00e8 la Sicilia, con un ruolo di primo piano nella nascita del nuovo soggetto politico. Al Congresso nazionale di Abano Terme sono stati eletti quattro delegati siciliani in Assemblea Nazionale e uno anche nel Consiglio Direttivo:<\/p>\n\n\n\n<ul><li><strong>Vincenzo Piscopo e Pietro Semilia da Palermo<\/strong>;<\/li><li><strong>Carmelo Abate (anche in Consiglio Direttivo) e Carlo Bramanti dalla provincia di Messina.<\/strong><\/li><\/ul>\n\n\n\n<p>(Nella foto di anteprima, da sinistra: Semilia, Piscopo, Bramanti, Abate).<\/p>\n\n\n\n<h2>Catalano: \u201cUn riconoscimento della qualit\u00e0 e dell\u2019impegno\u201d<\/h2>\n\n\n\n<p><\/p>\n\n\n\n<p>Soddisfatto il coordinatore regionale <strong>Mattia Catalano<\/strong>, che sottolinea il valore del risultato ottenuto:<\/p>\n\n\n\n<p>\u201cTorniamo da Abano molto soddisfatti: ben quattro Delegati in Assemblea ed uno nel Consiglio Direttivo. \u00c8 un riconoscimento della qualit\u00e0, delle competenze e dell\u2019impegno dimostrato finora, pi\u00f9 che un risultato politico. Avendo membri sia nell&#8217;Assemblea Nazionale che nel Consiglio Direttivo, come ORA! Sicilia disporremo sicuramente di strumenti aggiuntivi per perseguire i nostri obiettivi, ovvero portare i problemi del nostro territorio all&#8217;attenzione di tutti, proporre le soluzioni opportune e contribuire alla crescita del Partito a livello nazionale.Ovviamente, l&#8217;elezione di Carmelo, Carlo, Vincenzo e Pietro non \u00e8 il punto di arrivo, c&#8217;\u00e8 ancora tantissimo lavoro da fare e questo serve come spinta aggiuntiva per impegnarsi ancor di pi\u00f9 in Sicilia.\u201d<\/p>\n\n\n\n<h2>Messina in prima linea, Abate: \u201cChiamiamo a raccolta i siciliani che credono nel cambiamento\u201d<\/h2>\n\n\n\n<p><\/p>\n\n\n\n<p>Tra i volti nuovi pi\u00f9 apprezzati, Carmelo Abate, 32 anni, consulente di marketing per startup tecnologiche, eletto anche nel Consiglio Direttivo nazionale:<\/p>\n\n\n\n<p>\u201cSono molto fiducioso per il potenziale del progetto politico ORA! e felice per il risultato raggiunto dalla squadra siciliana al Congresso Fondativo. Abbiamo un gruppo forte, con competenze diverse e la giusta determinazione per avere un vero impatto sul territorio. Adesso chiamiamo a raccolta i tantissimi siciliani che credono sia ancora possibile costruire un futuro di crescita per la nostra regione. Siamo gi\u00e0 al lavoro per proposte concrete, eventi e iniziative per coinvolgere i cittadini e sviluppare una vera alternativa per la Sicilia.\u201d<\/p>\n\n\n\n<h2>Messina in prima linea, Bramanti: &#8220;Una responsabilit\u00e0,  Ora! \u00e8 l&#8217;ultima speranza!&#8221;<\/h2>\n\n\n\n<p><\/p>\n\n\n\n<p>Ha detto la sua anche il giovanissimo e promettente Carlo Bramanti, 20 anni, studente di Giurisprudenza alla Luiss Guido Carli. <\/p>\n\n\n\n<p>&#8220;La nostra responsabilit\u00e0 \u00e8 notevolmente aumentata dopo essere stati eletti in assemblea nazionale ed essere ufficialmente diventati un partito.Oltre 15 mila persone hanno scelto di iscriversi e credere in questo progetto, per molti di loro \u00e8 l&#8217;ultima speranza per una politica diversa.Sono orgoglioso di far parte di una squadra giovane e preparata, che ha le idee chiare per rilanciare il paese e la Sicilia e frenare la fuga di cervelli. Bisogna essere coraggiosi e smettere di parlare di turismo, cibi tipici e luoghi comuni, ma spiegare a tutti gli elettori cosa serve davvero: concentrare tutte le risorse per modernizzare l&#8217;istruzione, contrastare la dispersione scolastica, rendere attrattive le nostre universit\u00e0, rilanciare il settore industriale e iniziare a razionalizzare la spesa pubblica, la quale viene utilizzata per bonus e mancette elettorali dannose ai cittadini&#8221;. <\/p>\n\n\n\n<h2>Un partito che nasce dal basso<\/h2>\n\n\n\n<p><\/p>\n\n\n\n<p>\u201cOra!\u201d punta su una struttura partecipata e diffusa, con assemblee regionali e un radicamento costruito dal basso, per rendere le comunit\u00e0 locali parte attiva del cambiamento.&#8221;L\u2019obiettivo \u2013 spiegano gli organizzatori \u2013 \u00e8 arrivare alle politiche del 2027 con una rete di giovani, competenti e motivati, capaci di proporre una visione nuova dell\u2019Italia&#8221;.<\/p>\n\n\n\n<p><strong>Per i fondatori e i delegati siciliani, il messaggio \u00e8 chiaro: il tempo del cambiamento \u00e8 &#8220;Ora!&#8221;.<\/strong><\/p>\n","protected":false},"excerpt":{"rendered":"<p>\u201cAdesso \u00e8 Ora!\u201d: non si tratta pi\u00f9 solo di uno slogan. Nasce un nuovo partito che punta a non essere uno dei tanti. Il movimento Drin Drin, nato dall\u2019iniziativa dell\u2019economista Michele Boldrin e dell\u2019imprenditore Alberto Forchielli, gi\u00e0 forte di oltre 14.500 iscritti, compie il grande salto e si trasforma ufficialmente in \u201cOra!\u201d, una nuova forza [&hellip;]<\/p>\n","protected":false},"author":15,"featured_media":252471,"comment_status":"open","ping_status":"open","sticky":false,"template":"","format":"standard","meta":{"ub_ctt_via":"","_mi_skip_tracking":false},"categories":[4,6],"tags":[11221,11726,11219,11725],"featured_image_src":"https:\/\/www.messinaoggi.it\/website\/wp-content\/uploads\/2025\/10\/IMG-20251015-WA0073.jpg","author_info":{"display_name":"red.me","author_link":"https:\/\/www.messinaoggi.it\/website\/author\/red-me\/"},"digistream_id":0,"digistream":false,"_links":{"self":[{"href":"https:\/\/www.messinaoggi.it\/website\/wp-json\/wp\/v2\/posts\/252465"}],"collection":[{"href":"https:\/\/www.messinaoggi.it\/website\/wp-json\/wp\/v2\/posts"}],"about":[{"href":"https:\/\/www.messinaoggi.it\/website\/wp-json\/wp\/v2\/types\/post"}],"author":[{"embeddable":true,"href":"https:\/\/www.messinaoggi.it\/website\/wp-json\/wp\/v2\/users\/15"}],"replies":[{"embeddable":true,"href":"https:\/\/www.messinaoggi.it\/website\/wp-json\/wp\/v2\/comments?post=252465"}],"version-history":[{"count":4,"href":"https:\/\/www.messinaoggi.it\/website\/wp-json\/wp\/v2\/posts\/252465\/revisions"}],"predecessor-version":[{"id":252475,"href":"https:\/\/www.messinaoggi.it\/website\/wp-json\/wp\/v2\/posts\/252465\/revisions\/252475"}],"wp:featuredmedia":[{"embeddable":true,"href":"https:\/\/www.messinaoggi.it\/website\/wp-json\/wp\/v2\/media\/252471"}],"wp:attachment":[{"href":"https:\/\/www.messinaoggi.it\/website\/wp-json\/wp\/v2\/media?parent=252465"}],"wp:term":[{"taxonomy":"category","embeddable":true,"href":"https:\/\/www.messinaoggi.it\/website\/wp-json\/wp\/v2\/categories?post=252465"},{"taxonomy":"post_tag","embeddable":true,"href":"https:\/\/www.messinaoggi.it\/website\/wp-json\/wp\/v2\/tags?post=252465"}],"curies":[{"name":"wp","href":"https:\/\/api.w.org\/{rel}","templated":true}]}}