{"id":252353,"date":"2025-10-16T11:48:29","date_gmt":"2025-10-16T09:48:29","guid":{"rendered":"http:\/\/www.messinaoggi.it\/website\/?p=252353"},"modified":"2025-10-16T11:48:31","modified_gmt":"2025-10-16T09:48:31","slug":"risanamento-baracche-oteri-lega-prima-litalia-serve-unordinanza-di-sgombero-immediata","status":"publish","type":"post","link":"https:\/\/www.messinaoggi.it\/website\/2025\/10\/16\/risanamento-baracche-oteri-lega-prima-litalia-serve-unordinanza-di-sgombero-immediata\/","title":{"rendered":"Risanamento baracche, Oteri (Lega\u2013Prima l\u2019Italia): \u201cServe un\u2019ordinanza di sgombero immediata\u201d"},"content":{"rendered":"\n<p>Prosegue l\u2019attenzione sul risanamento dell\u2019area di Gazzi \u2013 via Pirandello \/ via Rosso da Messina, dove nonostante i primi interventi di sbaraccamento restano cumuli di materiali e rifiuti. A sollevare la questione \u00e8 il capogruppo della Lega \u2013 Prima l\u2019Italia, <strong>Cosimo Oteri<\/strong>, che chiede un intervento urgente dell\u2019Amministrazione comunale.<div id=\"div-gpt-ad-Messinaoggi.it-DSK-300x250-corpoart\" style=\"text-align:center;margin:0 auto;\"><\/div><\/p>\n\n\n\n<p>\u00abDesidero innanzitutto ringraziare il Sub Commissario Straordinario per la tempestiva risposta alla mia interrogazione riguardante l\u2019ambito di risanamento Gazzi \u2013 Via Pirandello \/ Via Rosso da Messina, che dimostra attenzione e seriet\u00e0 nell\u2019affrontare una delle questioni pi\u00f9 delicate per la nostra citt\u00e0\u00bb dichiara Oteri.<div id=\"videoincontent\" style=\"clear:both\";><\/div><\/p>\n\n\n\n<p>Il consigliere, che questa mattina alle 10.00 si \u00e8 recato personalmente in via Rosso da Messina, nel villaggio Aldisio, per portare solidariet\u00e0 ai residenti ancora costretti a vivere tra macerie e rifiuti, ha ribadito la necessit\u00e0 di un\u2019azione immediata. <\/p>\n\n\n\n<p>\u00abA seguito del parziale sbaraccamento dell\u2019area \u2013 prosegue Oteri \u2013 permangono cumuli di materiali e rifiuti che rappresentano un evidente pericolo per la salute pubblica e il decoro urbano. Per questo motivo, chiedo l\u2019emanazione di un\u2019ordinanza di sgombero e bonifica immediata, al fine di rimuovere ogni residuo e restituire dignit\u00e0 a una zona da troppo tempo abbandonata\u00bb.<\/p>\n\n\n\n<figure class=\"wp-block-image size-large\"><img loading=\"lazy\" width=\"768\" height=\"1024\" src=\"http:\/\/www.messinaoggi.it\/website\/wp-content\/uploads\/2025\/10\/IMG-20250930-WA0025-768x1024.jpg\" alt=\"\" class=\"wp-image-252359\" srcset=\"https:\/\/www.messinaoggi.it\/website\/wp-content\/uploads\/2025\/10\/IMG-20250930-WA0025-768x1024.jpg 768w, https:\/\/www.messinaoggi.it\/website\/wp-content\/uploads\/2025\/10\/IMG-20250930-WA0025-225x300.jpg 225w, https:\/\/www.messinaoggi.it\/website\/wp-content\/uploads\/2025\/10\/IMG-20250930-WA0025-1152x1536.jpg 1152w, https:\/\/www.messinaoggi.it\/website\/wp-content\/uploads\/2025\/10\/IMG-20250930-WA0025.jpg 1200w\" sizes=\"(max-width: 768px) 100vw, 768px\" \/><\/figure>\n\n\n\n<p>Il capogruppo leghista punta il dito anche contro l\u2019inerzia dell\u2019Amministrazione comunale, accusata di non rispondere alle segnalazioni n\u00e9 di intervenire con tempestivit\u00e0. <\/p>\n\n\n\n<p>\u00abStigmatizzo l\u2019atteggiamento dell\u2019Amministrazione comunale, che continua a non intervenire n\u00e9 a rispondere alle sollecitazioni istituzionali, persino dinanzi a problematiche di carattere igienico-sanitario. Ricordo che il Sindaco \u00e8 la massima autorit\u00e0 sanitaria locale e ha il dovere di garantire la tutela della salute dei cittadini, soprattutto in aree fragili come quelle oggetto di risanamento\u00bb.<\/p>\n\n\n\n<p>Oteri annuncia infine che continuer\u00e0 a vigilare sulla situazione e a chiedere interventi concreti affinch\u00e9 il processo di risanamento proceda davvero.<\/p>\n\n\n\n<p>\u00abContinuer\u00f2 a vigilare e a chiedere interventi concreti, affinch\u00e9 lo sbaraccamento non resti solo un annuncio, ma diventi finalmente realt\u00e0 e rinascita per tutta la zona Sud di Messina\u00bb.<\/p>\n","protected":false},"excerpt":{"rendered":"<p>Prosegue l\u2019attenzione sul risanamento dell\u2019area di Gazzi \u2013 via Pirandello \/ via Rosso da Messina, dove nonostante i primi interventi di sbaraccamento restano cumuli di materiali e rifiuti. A sollevare la questione \u00e8 il capogruppo della Lega \u2013 Prima l\u2019Italia, Cosimo Oteri, che chiede un intervento urgente dell\u2019Amministrazione comunale. \u00abDesidero innanzitutto ringraziare il Sub Commissario [&hellip;]<\/p>\n","protected":false},"author":15,"featured_media":252360,"comment_status":"open","ping_status":"open","sticky":false,"template":"","format":"standard","meta":{"ub_ctt_via":"","_mi_skip_tracking":false},"categories":[4,6],"tags":[897,5984,616,4936,642],"featured_image_src":"https:\/\/www.messinaoggi.it\/website\/wp-content\/uploads\/2025\/10\/IMG-20250930-WA0023-e1760608072925.jpg","author_info":{"display_name":"red.me","author_link":"https:\/\/www.messinaoggi.it\/website\/author\/red-me\/"},"digistream_id":0,"digistream":false,"_links":{"self":[{"href":"https:\/\/www.messinaoggi.it\/website\/wp-json\/wp\/v2\/posts\/252353"}],"collection":[{"href":"https:\/\/www.messinaoggi.it\/website\/wp-json\/wp\/v2\/posts"}],"about":[{"href":"https:\/\/www.messinaoggi.it\/website\/wp-json\/wp\/v2\/types\/post"}],"author":[{"embeddable":true,"href":"https:\/\/www.messinaoggi.it\/website\/wp-json\/wp\/v2\/users\/15"}],"replies":[{"embeddable":true,"href":"https:\/\/www.messinaoggi.it\/website\/wp-json\/wp\/v2\/comments?post=252353"}],"version-history":[{"count":6,"href":"https:\/\/www.messinaoggi.it\/website\/wp-json\/wp\/v2\/posts\/252353\/revisions"}],"predecessor-version":[{"id":252363,"href":"https:\/\/www.messinaoggi.it\/website\/wp-json\/wp\/v2\/posts\/252353\/revisions\/252363"}],"wp:featuredmedia":[{"embeddable":true,"href":"https:\/\/www.messinaoggi.it\/website\/wp-json\/wp\/v2\/media\/252360"}],"wp:attachment":[{"href":"https:\/\/www.messinaoggi.it\/website\/wp-json\/wp\/v2\/media?parent=252353"}],"wp:term":[{"taxonomy":"category","embeddable":true,"href":"https:\/\/www.messinaoggi.it\/website\/wp-json\/wp\/v2\/categories?post=252353"},{"taxonomy":"post_tag","embeddable":true,"href":"https:\/\/www.messinaoggi.it\/website\/wp-json\/wp\/v2\/tags?post=252353"}],"curies":[{"name":"wp","href":"https:\/\/api.w.org\/{rel}","templated":true}]}}