{"id":252346,"date":"2025-10-16T11:34:08","date_gmt":"2025-10-16T09:34:08","guid":{"rendered":"http:\/\/www.messinaoggi.it\/website\/?p=252346"},"modified":"2025-10-16T11:34:12","modified_gmt":"2025-10-16T09:34:12","slug":"da-domani-al-via-lo-show-del-messina-street-food-fest-2025","status":"publish","type":"post","link":"https:\/\/www.messinaoggi.it\/website\/2025\/10\/16\/da-domani-al-via-lo-show-del-messina-street-food-fest-2025\/","title":{"rendered":"Da domani al via lo show del \u2018Messina Street Food Fest\u2019 2025"},"content":{"rendered":"\n<p>Al via domani la quattro giorni del Messina Street Food Fest 2025. Lo show dell\u2019enogastronomia e dell\u2019intrattenimento si svolger\u00e0 da domani, 16 ottobre, a domenica 19, a <strong>piazza Cairoli<\/strong>. Il taglio del nastro \u00e8 previsto alle 18.15 con il sindaco di Messina, <strong>Federico Basile<\/strong>, l\u2019amministratore di <strong>Eventivamente<\/strong>, <strong>Alberto Palella<\/strong> e altre autorit\u00e0.<div id=\"div-gpt-ad-Messinaoggi.it-DSK-300x250-corpoart\" style=\"text-align:center;margin:0 auto;\"><\/div><\/p>\n\n\n\n<p>Il Messina Street Food Fest 2025 \u00e8 patrocinato da: Citt\u00e0 Metropolitana di Messina, Comune di Messina, Universit\u00e0 degli studi di Messina, Unioncamere Sicilia, Camera di commercio di Messina, Confesercenti Messina, IIS Antonello, Cral citt\u00e0 metropolitana di Messina, Amam, Atm, Messina Servizi Bene Comune, Aic Sicilia.  <div id=\"videoincontent\" style=\"clear:both\";><\/div><\/p>\n\n\n\n<figure class=\"wp-block-image size-large\"><img loading=\"lazy\" width=\"1024\" height=\"682\" src=\"http:\/\/www.messinaoggi.it\/website\/wp-content\/uploads\/2025\/10\/IMG-20251015-WA0052-1024x682.jpg\" alt=\"\" class=\"wp-image-252351\" srcset=\"https:\/\/www.messinaoggi.it\/website\/wp-content\/uploads\/2025\/10\/IMG-20251015-WA0052-1024x682.jpg 1024w, https:\/\/www.messinaoggi.it\/website\/wp-content\/uploads\/2025\/10\/IMG-20251015-WA0052-300x200.jpg 300w, https:\/\/www.messinaoggi.it\/website\/wp-content\/uploads\/2025\/10\/IMG-20251015-WA0052-768x512.jpg 768w, https:\/\/www.messinaoggi.it\/website\/wp-content\/uploads\/2025\/10\/IMG-20251015-WA0052-1536x1024.jpg 1536w, https:\/\/www.messinaoggi.it\/website\/wp-content\/uploads\/2025\/10\/IMG-20251015-WA0052.jpg 2000w\" sizes=\"(max-width: 1024px) 100vw, 1024px\" \/><\/figure>\n\n\n\n<p>Orari di apertura della manifestazione: Gioved\u00ec 16 dalle 18.00 all&#8217;1.00, venerd\u00ec 17 dalle 11.00 alle 15.00 e dalle 18.00 all&#8217;1.00, sabato 18 dalle 11.00 alle 15.00 e dalle 18.00 all&#8217;1.00, domenica 19 orario continuato dalle 11.00 all&#8217;1.00. <\/p>\n\n\n\n<p>Per seguire gli aggiornamenti sui social: <\/p>\n\n\n\n<p><strong>Facebook: <\/strong>https:\/\/www.facebook.com\/messinastreetfoodfest.it<\/p>\n\n\n\n<p><strong>Instagram:<\/strong> https:\/\/www.instagram.com\/messinastreetfoodfest\/<\/p>\n","protected":false},"excerpt":{"rendered":"<p>Al via domani la quattro giorni del Messina Street Food Fest 2025. Lo show dell\u2019enogastronomia e dell\u2019intrattenimento si svolger\u00e0 da domani, 16 ottobre, a domenica 19, a piazza Cairoli. Il taglio del nastro \u00e8 previsto alle 18.15 con il sindaco di Messina, Federico Basile, l\u2019amministratore di Eventivamente, Alberto Palella e altre autorit\u00e0. Il Messina Street [&hellip;]<\/p>\n","protected":false},"author":15,"featured_media":252350,"comment_status":"open","ping_status":"open","sticky":false,"template":"","format":"standard","meta":{"ub_ctt_via":"","_mi_skip_tracking":false},"categories":[5,6],"tags":[2733,5179,8869],"featured_image_src":"https:\/\/www.messinaoggi.it\/website\/wp-content\/uploads\/2025\/10\/IMG-20251015-WA0053.jpg","author_info":{"display_name":"red.me","author_link":"https:\/\/www.messinaoggi.it\/website\/author\/red-me\/"},"digistream_id":0,"digistream":false,"_links":{"self":[{"href":"https:\/\/www.messinaoggi.it\/website\/wp-json\/wp\/v2\/posts\/252346"}],"collection":[{"href":"https:\/\/www.messinaoggi.it\/website\/wp-json\/wp\/v2\/posts"}],"about":[{"href":"https:\/\/www.messinaoggi.it\/website\/wp-json\/wp\/v2\/types\/post"}],"author":[{"embeddable":true,"href":"https:\/\/www.messinaoggi.it\/website\/wp-json\/wp\/v2\/users\/15"}],"replies":[{"embeddable":true,"href":"https:\/\/www.messinaoggi.it\/website\/wp-json\/wp\/v2\/comments?post=252346"}],"version-history":[{"count":4,"href":"https:\/\/www.messinaoggi.it\/website\/wp-json\/wp\/v2\/posts\/252346\/revisions"}],"predecessor-version":[{"id":252352,"href":"https:\/\/www.messinaoggi.it\/website\/wp-json\/wp\/v2\/posts\/252346\/revisions\/252352"}],"wp:featuredmedia":[{"embeddable":true,"href":"https:\/\/www.messinaoggi.it\/website\/wp-json\/wp\/v2\/media\/252350"}],"wp:attachment":[{"href":"https:\/\/www.messinaoggi.it\/website\/wp-json\/wp\/v2\/media?parent=252346"}],"wp:term":[{"taxonomy":"category","embeddable":true,"href":"https:\/\/www.messinaoggi.it\/website\/wp-json\/wp\/v2\/categories?post=252346"},{"taxonomy":"post_tag","embeddable":true,"href":"https:\/\/www.messinaoggi.it\/website\/wp-json\/wp\/v2\/tags?post=252346"}],"curies":[{"name":"wp","href":"https:\/\/api.w.org\/{rel}","templated":true}]}}