{"id":252223,"date":"2025-10-15T08:02:02","date_gmt":"2025-10-15T06:02:02","guid":{"rendered":"http:\/\/www.messinaoggi.it\/website\/?p=252223"},"modified":"2025-10-15T08:02:05","modified_gmt":"2025-10-15T06:02:05","slug":"atm-stop-al-collegamento-con-villafranca-tirrena","status":"publish","type":"post","link":"https:\/\/www.messinaoggi.it\/website\/2025\/10\/15\/atm-stop-al-collegamento-con-villafranca-tirrena\/","title":{"rendered":"ATM, stop al collegamento con Villafranca Tirrena"},"content":{"rendered":"\n<p>La &#8220;Campagna&amp;Ciccolo&#8221; alla fine l&#8217;ha spuntata. La Regione ha scritto la parola fine alla querelle che da anni riguardava la ditta di trasporti messinese e l&#8217;ATM Messina. Una concorrenza ritenuta &#8220;sleale&#8221; dalla &#8220;Campagna&amp;Ciccolo&#8221; che ha anche adito le vie legali. Ci ha pensato la politica.<div id=\"div-gpt-ad-Messinaoggi.it-DSK-300x250-corpoart\" style=\"text-align:center;margin:0 auto;\"><\/div><\/p>\n\n\n\n<p>Ieri pomeriggio il messaggio di fuoco del leader di Sud chiama Nord, cateno De Luca, il quale ha definito la decisione della Regione come &#8220;atto di mafiosit\u00e0&#8221; politica.<div id=\"videoincontent\" style=\"clear:both\";><\/div><\/p>\n\n\n\n<p>\u201cCi troviamo di fronte a un vero e proprio saccheggio istituzionale \u2013 dichiarano i deputati del gruppo parlamentare Sud Chiama Nord \u2013 che vede ancora una volta le lobby del trasporto pubblico locale prevalere sulla volont\u00e0 democratica del Parlamento Siciliano e sul diritto dei cittadini ad un servizio efficiente.\u201d<br>Il riferimento \u00e8 alla vicenda che ha portato la Regione Siciliana, nonostante la pendenza del giudizio dinanzi al TAR di Catania, ad accogliere un ricorso gerarchico presentato da privati, con la conseguente sospensione delle corse intercomunali esercite da ATM S.p.A. tra Messina e Villafranca Tirrena.<br>\u201cUn provvedimento \u2013 prosegue Sud Chiama Nord \u2013 che rappresenta una vera e propria travalicazione burocratica, poich\u00e9 l\u2019Amministrazione regionale ha interpretato in modo arbitrario la norma da noi proposta e approvata dall\u2019Assemblea Regionale Siciliana, stravolgendone completamente le finalit\u00e0. Si \u00e8 mortificata la volont\u00e0 del Parlamento e si \u00e8 calpestato l\u2019interesse pubblico, piegandolo agli interessi privati.\u201d<\/p>\n\n\n\n<p>A seguire la nota dell&#8217;azienda dei trasporti di Messina.<\/p>\n\n\n\n<p>&#8220;ATM SpA comunica che in conseguenza di un provvedimento della Regione Siciliana che, seppure nella pendenza del procedimento davanti al TAR di Catania, ha accolto un ricorso gerarchico proposto dalla Ditta Campagna e Ciccolo, \u00e8 costretta da domani ad interrompere le corse che raggiungono il Comune di Villafranca Tirrena. Le rispettive corse, quindi, avranno comunque luogo con partenza e arrivo presso il capolinea di Ponte Gallo in territorio di Messina dove sar\u00e0 possibile per tutti gli utenti usufruire del servizio.ATM SpA sta valutando insieme ai Sindaci di Messina e Villafranca T. le iniziative giudiziarie urgenti da intraprendere immediatamente al fine di scongiurare l\u2019interruzione di un servizio pubblico essenziale utilizzato ogni giorno da centinaia e centinaia di cittadini&#8221;.<\/p>\n","protected":false},"excerpt":{"rendered":"<p>La &#8220;Campagna&amp;Ciccolo&#8221; alla fine l&#8217;ha spuntata. La Regione ha scritto la parola fine alla querelle che da anni riguardava la ditta di trasporti messinese e l&#8217;ATM Messina. Una concorrenza ritenuta &#8220;sleale&#8221; dalla &#8220;Campagna&amp;Ciccolo&#8221; che ha anche adito le vie legali. Ci ha pensato la politica. Ieri pomeriggio il messaggio di fuoco del leader di Sud [&hellip;]<\/p>\n","protected":false},"author":2,"featured_media":157045,"comment_status":"open","ping_status":"open","sticky":false,"template":"","format":"standard","meta":{"ub_ctt_via":"","_mi_skip_tracking":false},"categories":[19],"tags":[],"featured_image_src":"https:\/\/www.messinaoggi.it\/website\/wp-content\/uploads\/2023\/05\/0-2-8.jpg","author_info":{"display_name":"Redazione","author_link":"https:\/\/www.messinaoggi.it\/website\/author\/redazione\/"},"digistream_id":0,"digistream":false,"_links":{"self":[{"href":"https:\/\/www.messinaoggi.it\/website\/wp-json\/wp\/v2\/posts\/252223"}],"collection":[{"href":"https:\/\/www.messinaoggi.it\/website\/wp-json\/wp\/v2\/posts"}],"about":[{"href":"https:\/\/www.messinaoggi.it\/website\/wp-json\/wp\/v2\/types\/post"}],"author":[{"embeddable":true,"href":"https:\/\/www.messinaoggi.it\/website\/wp-json\/wp\/v2\/users\/2"}],"replies":[{"embeddable":true,"href":"https:\/\/www.messinaoggi.it\/website\/wp-json\/wp\/v2\/comments?post=252223"}],"version-history":[{"count":1,"href":"https:\/\/www.messinaoggi.it\/website\/wp-json\/wp\/v2\/posts\/252223\/revisions"}],"predecessor-version":[{"id":252224,"href":"https:\/\/www.messinaoggi.it\/website\/wp-json\/wp\/v2\/posts\/252223\/revisions\/252224"}],"wp:featuredmedia":[{"embeddable":true,"href":"https:\/\/www.messinaoggi.it\/website\/wp-json\/wp\/v2\/media\/157045"}],"wp:attachment":[{"href":"https:\/\/www.messinaoggi.it\/website\/wp-json\/wp\/v2\/media?parent=252223"}],"wp:term":[{"taxonomy":"category","embeddable":true,"href":"https:\/\/www.messinaoggi.it\/website\/wp-json\/wp\/v2\/categories?post=252223"},{"taxonomy":"post_tag","embeddable":true,"href":"https:\/\/www.messinaoggi.it\/website\/wp-json\/wp\/v2\/tags?post=252223"}],"curies":[{"name":"wp","href":"https:\/\/api.w.org\/{rel}","templated":true}]}}