{"id":251802,"date":"2025-10-08T16:09:36","date_gmt":"2025-10-08T14:09:36","guid":{"rendered":"https:\/\/www.messinaoggi.it\/website\/2025\/10\/08\/festa-di-san-francesco-mattarella-promulga-la-legge-ma-chiede-correttivi-aspetti-critici-ce-anche-santa-caterina\/"},"modified":"2025-10-08T16:09:36","modified_gmt":"2025-10-08T14:09:36","slug":"festa-di-san-francesco-mattarella-promulga-la-legge-ma-chiede-correttivi-aspetti-critici-ce-anche-santa-caterina","status":"publish","type":"post","link":"https:\/\/www.messinaoggi.it\/website\/2025\/10\/08\/festa-di-san-francesco-mattarella-promulga-la-legge-ma-chiede-correttivi-aspetti-critici-ce-anche-santa-caterina\/","title":{"rendered":"Festa di San Francesco, Mattarella promulga la legge ma chiede correttivi: \u201cAspetti critici, c\u2019\u00e8 anche Santa Caterina\u201d"},"content":{"rendered":"<div>ROMA (ITALPRESS) &#8211; Il <strong>Presidente della Repubblica, Sergio Mattarella,<\/strong> ha promulgato il 08 ottobre 2025 la legge recante <strong><em>&#8220;Istituzione della festa nazionale di San Francesco d&#8217;Assisi&#8221;<\/em><\/strong>, approvata dalla Camera dei Deputati il 23 settembre 2025 e dal Senato della Repubblica il 1 ottobre scorso, inviando al<strong> Presidente del Senato della Repubblica, Ignazio La Russa e al Presidente della Camera dei Deputati, Lorenzo Fontana<\/strong>, la seguente lettera: <em>&#8220;Mi \u00e8 stata sottoposta per la promulgazione la legge recante &#8220;Istituzione della festa nazionale di San Francesco d&#8217;Assisi&#8221;,<\/em> <em>approvata dalla Camera dei deputati il 23 settembre 2025 e dal Senato della Repubblica il 1\u00b0 ottobre scorso. Ho provveduto alla promulgazione della legge &#8211; pur se il suo testo presenta alcuni aspetti critici che avverto il dovere di segnalare &#8211; in considerazione del significato del provvedimento e della circostanza che i rilievi non riguardano profili di natura costituzionale&#8221;<\/em>.<div id=\"div-gpt-ad-Messinaoggi.it-DSK-300x250-corpoart\" style=\"text-align:center;margin:0 auto;\"><\/div><\/p>\n<p><em>&#8220;L&#8217;articolo 1 della legge, al primo comma &#8211; al fine di promuovere i valori della pace, della fratellanza, della tutela dell&#8217;ambiente e della solidariet\u00e0 &#8211; istituisce la festa nazionale di San Francesco d&#8217;Assisi, patrono d&#8217;Italia, da celebrare il 4 ottobre di ogni anno. Conseguentemente, il secondo comma inserisce il 4 ottobre, quale &#8220;festa nazionale di San Francesco d&#8217;Assisi, patrono d&#8217;Italia&#8221;, nell&#8217;elenco dei giorni considerati festivi a livello nazionale dai quali derivano gli effetti dell&#8217;osservanza del completo orario festivo nei luoghi di lavoro e del divieto di compiere determinati atti giuridici&#8221;.<\/em><div id=\"videoincontent\" style=\"clear:both\";><\/div><\/p>\n<p><em>&#8220;Il terzo comma dello stesso articolo 1 modifica la legge 4 marzo 1958 n. 132, &#8220;Ricorrenza festiva del 4 ottobre in onore dei Patroni speciali d&#8217;Italia San Francesco d&#8217;Assisi e Santa Caterina da Siena&#8221;, limitandosi a espungere dalla legge e dal suo titolo ogni riferimento a San Francesco. Di conseguenza la legge n. 132 del 1958 adesso prevede che &#8220;Il 4 ottobre \u00e8 considerato solennit\u00e0 civile e giornata della pace, della fraternit\u00e0 e del dialogo tra appartenenti a culture e religioni diverse, in onore della Santa Patrona d&#8217;Italia Santa Caterina da Siena&#8221;.<br \/>\n<\/em><br \/>\n<em>&#8220;Il quadro normativo risultante dalla legge approvata, pertanto, \u00e8 il seguente: la medesima giornata del 4 ottobre \u00e8 qualificata sia festivit\u00e0 nazionale, in onore di San Francesco d&#8217;Assisi, sia solennit\u00e0 civile, in onore di Santa Caterina da Siena. Con due diverse disposizioni normative si prevede che, con riferimento ai due Santi, vengano celebrati sostanzialmente i medesimi valori, nello stesso giorno ma con un diverso regime&#8221;.<\/em><\/p>\n<p><em>&#8220;In entrambi i casi \u00e8 previsto, in particolare, che, nella medesima giornata del 4 ottobre, le scuole possano promuovere iniziative dedicate ai valori universali di cui ciascuno dei due Santi \u00e8 ritenuto espressione. Iniziative peraltro che non potranno pi\u00f9 svolgersi il 4 ottobre in quanto giornata ormai festiva. Per quanto riguarda San Francesco, la possibilit\u00e0 di assumere simili iniziative viene estesa alle amministrazioni pubbliche, agli enti del terzo settore e alle &#8220;istituzioni pubbliche a livello nazionale, regionale e locale&#8221;.<br \/>\n<\/em><br \/>\n<em>&#8220;Appare evidente come la normativa che disciplina le due ricorrenze richieda interventi correttivi volti a coordinare tra loro i due testi normativi. In primo luogo devo far presente che la medesima giornata &#8211; il 4 ottobre &#8211; non pu\u00f2 essere qualificata, al contempo, sia festivit\u00e0 nazionale sia solennit\u00e0 civile, anche perch\u00e8, tra l&#8217;altro, da tali qualificazioni il nostro ordinamento fa discendere effetti diversi. Va operata, quindi, una scelta in tal senso &#8211; verosimilmente abrogando la previsione di solennit\u00e0 civile, meno rilevante &#8211; e, necessariamente, chiarendo se fare riferimento per la giornata festiva del 4 ottobre esclusivamente a San Francesco ovvero anche a Santa Caterina, fino ad oggi considerati congiuntamente&#8221;.<br \/>\n<\/em><br \/>\n<em>&#8220;Inoltre, un migliore coordinamento merita l&#8217;indicazione delle iniziative che le istituzioni potranno assumere e dei loro contenuti, questo in special modo nel caso in cui si intendesse stabilire date diverse per le due ricorrenze. Fermo restando che, per quanto riguarda le scuole e gli uffici pubblici, bisogner\u00e0 tenere conto del carattere ormai festivo della giornata del 4 ottobre. Invito pertanto il Parlamento ad apportare al provvedimento i correttivi necessari. Non posso, infine, non sottolineare l&#8217;esigenza che i testi legislativi presentino contenuti chiari e inequivoci&#8221;.<\/em><\/p>\n<p>-foto Quirinale &#8211;<br \/>\n(ITALPRESS).<\/p><\/div>\n","protected":false},"excerpt":{"rendered":"<p>ROMA (ITALPRESS) &#8211; Il Presidente della Repubblica, Sergio Mattarella, ha promulgato il 08 ottobre 2025 la legge recante &#8220;Istituzione della festa nazionale di San Francesco d&#8217;Assisi&#8221;, approvata dalla Camera dei Deputati il 23 settembre 2025 e dal Senato della Repubblica il 1 ottobre scorso, inviando al Presidente del Senato della Repubblica, Ignazio La Russa e [&hellip;]<\/p>\n","protected":false},"author":18,"featured_media":251803,"comment_status":"closed","ping_status":"closed","sticky":false,"template":"","format":"standard","meta":{"ub_ctt_via":"","_mi_skip_tracking":false},"categories":[446],"tags":[783],"featured_image_src":"https:\/\/www.messinaoggi.it\/website\/wp-content\/uploads\/2025\/10\/20251008_0592.jpg","author_info":{"display_name":"Admin","author_link":"https:\/\/www.messinaoggi.it\/website\/author\/admin\/"},"digistream_id":0,"digistream":false,"_links":{"self":[{"href":"https:\/\/www.messinaoggi.it\/website\/wp-json\/wp\/v2\/posts\/251802"}],"collection":[{"href":"https:\/\/www.messinaoggi.it\/website\/wp-json\/wp\/v2\/posts"}],"about":[{"href":"https:\/\/www.messinaoggi.it\/website\/wp-json\/wp\/v2\/types\/post"}],"author":[{"embeddable":true,"href":"https:\/\/www.messinaoggi.it\/website\/wp-json\/wp\/v2\/users\/18"}],"replies":[{"embeddable":true,"href":"https:\/\/www.messinaoggi.it\/website\/wp-json\/wp\/v2\/comments?post=251802"}],"version-history":[{"count":0,"href":"https:\/\/www.messinaoggi.it\/website\/wp-json\/wp\/v2\/posts\/251802\/revisions"}],"wp:featuredmedia":[{"embeddable":true,"href":"https:\/\/www.messinaoggi.it\/website\/wp-json\/wp\/v2\/media\/251803"}],"wp:attachment":[{"href":"https:\/\/www.messinaoggi.it\/website\/wp-json\/wp\/v2\/media?parent=251802"}],"wp:term":[{"taxonomy":"category","embeddable":true,"href":"https:\/\/www.messinaoggi.it\/website\/wp-json\/wp\/v2\/categories?post=251802"},{"taxonomy":"post_tag","embeddable":true,"href":"https:\/\/www.messinaoggi.it\/website\/wp-json\/wp\/v2\/tags?post=251802"}],"curies":[{"name":"wp","href":"https:\/\/api.w.org\/{rel}","templated":true}]}}