{"id":251700,"date":"2025-10-07T12:31:41","date_gmt":"2025-10-07T10:31:41","guid":{"rendered":"http:\/\/www.messinaoggi.it\/website\/?p=251700"},"modified":"2025-10-07T12:31:44","modified_gmt":"2025-10-07T10:31:44","slug":"cardiochirurgia-pediatrica-musolino-schifani-prende-in-giro-i-siciliani","status":"publish","type":"post","link":"https:\/\/www.messinaoggi.it\/website\/2025\/10\/07\/cardiochirurgia-pediatrica-musolino-schifani-prende-in-giro-i-siciliani\/","title":{"rendered":"Cardiochirurgia pediatrica, Musolino: &#8220;Schifani prende in giro i siciliani&#8221;"},"content":{"rendered":"\n<p>La senatrice di Italia Viva <strong>Dafne Musolino<\/strong> denuncia: &#8220;Schifani declassa la Cardiochirurgia pediatrica di Taormina a succursale di Palermo. Una decisione che arriva dopo un anno di promesse da parte del governo Schifani e che penalizza un polo di eccellenza riconosciuto a livello internazionale, tagliando altri 20 posti letto al San Vincenzo&#8221;. <div id=\"div-gpt-ad-Messinaoggi.it-DSK-300x250-corpoart\" style=\"text-align:center;margin:0 auto;\"><\/div><\/p>\n\n\n\n<p>Per Musolino di tratta di &#8220;una gigantesca presa in giro dei cittadini siciliani, dei piccoli pazienti e del buon senso. Taormina \u00e8 un polo di eccellenza riconosciuto in tutto il mondo e dovrebbe essere centro di riferimento regionale, invece assistiamo al demansionamento del San Vincenzo, a cui vengono tagliati altri 20 posti letto nel silenzio dell&#8217;amministrazione locale. Una vergogna assoluta, portata avanti, per di pi\u00f9, interpretando i dati sulle prestazioni sanitarie: c&#8217;\u00e8 una discordanza enorme tra i numeri forniti dagli uffici regionali e quelli delle strutture, guarda caso sempre a vantaggio di Palermo&#8221;. <div id=\"videoincontent\" style=\"clear:both\";><\/div><\/p>\n\n\n\n<p>Musolino ha annunciato &#8220;una interrogazione parlamentare al ministro della Salute Schillaci, il quale si \u00e8 impegnato a tutelare la cardiochirurgia pediatrica di Taormina approvando un Ordine del giorno a mia firma in Senato. \u00c8 urgente che il governo intervenga per impedire questo ulteriore scempio della sanit\u00e0 siciliana targata Schifani&#8221;.<\/p>\n","protected":false},"excerpt":{"rendered":"<p>La senatrice di Italia Viva Dafne Musolino denuncia: &#8220;Schifani declassa la Cardiochirurgia pediatrica di Taormina a succursale di Palermo. Una decisione che arriva dopo un anno di promesse da parte del governo Schifani e che penalizza un polo di eccellenza riconosciuto a livello internazionale, tagliando altri 20 posti letto al San Vincenzo&#8221;. Per Musolino di [&hellip;]<\/p>\n","protected":false},"author":15,"featured_media":247193,"comment_status":"open","ping_status":"open","sticky":false,"template":"","format":"standard","meta":{"ub_ctt_via":"","_mi_skip_tracking":false},"categories":[4,6],"tags":[5287,10877,167,1817],"featured_image_src":"https:\/\/www.messinaoggi.it\/website\/wp-content\/uploads\/2025\/08\/IMG_0024.jpeg","author_info":{"display_name":"red.me","author_link":"https:\/\/www.messinaoggi.it\/website\/author\/red-me\/"},"digistream_id":0,"digistream":false,"_links":{"self":[{"href":"https:\/\/www.messinaoggi.it\/website\/wp-json\/wp\/v2\/posts\/251700"}],"collection":[{"href":"https:\/\/www.messinaoggi.it\/website\/wp-json\/wp\/v2\/posts"}],"about":[{"href":"https:\/\/www.messinaoggi.it\/website\/wp-json\/wp\/v2\/types\/post"}],"author":[{"embeddable":true,"href":"https:\/\/www.messinaoggi.it\/website\/wp-json\/wp\/v2\/users\/15"}],"replies":[{"embeddable":true,"href":"https:\/\/www.messinaoggi.it\/website\/wp-json\/wp\/v2\/comments?post=251700"}],"version-history":[{"count":2,"href":"https:\/\/www.messinaoggi.it\/website\/wp-json\/wp\/v2\/posts\/251700\/revisions"}],"predecessor-version":[{"id":251702,"href":"https:\/\/www.messinaoggi.it\/website\/wp-json\/wp\/v2\/posts\/251700\/revisions\/251702"}],"wp:featuredmedia":[{"embeddable":true,"href":"https:\/\/www.messinaoggi.it\/website\/wp-json\/wp\/v2\/media\/247193"}],"wp:attachment":[{"href":"https:\/\/www.messinaoggi.it\/website\/wp-json\/wp\/v2\/media?parent=251700"}],"wp:term":[{"taxonomy":"category","embeddable":true,"href":"https:\/\/www.messinaoggi.it\/website\/wp-json\/wp\/v2\/categories?post=251700"},{"taxonomy":"post_tag","embeddable":true,"href":"https:\/\/www.messinaoggi.it\/website\/wp-json\/wp\/v2\/tags?post=251700"}],"curies":[{"name":"wp","href":"https:\/\/api.w.org\/{rel}","templated":true}]}}