{"id":251687,"date":"2025-10-07T11:09:41","date_gmt":"2025-10-07T09:09:41","guid":{"rendered":"https:\/\/www.messinaoggi.it\/website\/2025\/10\/07\/salvini-il-centrodestra-unito-vince-e-la-lega-cresce\/"},"modified":"2025-10-07T11:09:41","modified_gmt":"2025-10-07T09:09:41","slug":"salvini-il-centrodestra-unito-vince-e-la-lega-cresce","status":"publish","type":"post","link":"https:\/\/www.messinaoggi.it\/website\/2025\/10\/07\/salvini-il-centrodestra-unito-vince-e-la-lega-cresce\/","title":{"rendered":"Salvini \u201cIl centrodestra unito vince e la Lega cresce\u201d"},"content":{"rendered":"<div>ROMA (ITALPRESS) &#8211; Quello della Calabria \u00e8 un &#8220;risultato straordinario, storico, emozionante. Trainiamo la coalizione in citt\u00e0 importanti come Lamezia Terme e abbiamo numeri fantastici a Reggio Calabria: abbiamo conquistato col lavoro la fiducia della maggioranza dei calabresi, e mi riferisco soprattutto al Ponte sullo Stretto. Mi ricompensa di tanto impegno, la Lega cresce e unisce, anima fondamentale del centrodestra. In Calabria abbiamo quasi raddoppiato i voti rispetto alle Politiche&#8221;. Cos\u00ec il vicepremier e ministro delle Infrastrutture e dei Trasporti, Matteo Salvini, in un&#8217;intervista al Corriere della Sera.<br \/>&#8220;Il centrodestra \u00e8 unito come lo \u00e8 da decenni, i cittadini ci scelgono per questo &#8211; prosegue -. Anzi, io continuo a sperare che anche in Europa ci possa essere un accordo di tutte le forze alternative alle sinistre, vedremo oggi con il voto per salvare la poltrona alla Salis se qualcuno nel segreto dell&#8217;urna tradir\u00e0 il centrodestra europeo&#8221;.<br \/>In merito alle manifestazioni pro-pal, il leader della Lega sottolinea: &#8220;La democrazia non \u00e8 mai preoccupante, che tanti giovani si interessino e manifestano \u00e8 una buona notizia. Mi preoccupa invece la violenza, che certa sinistra finge di non vedere o addirittura giustifica. Ragazzi, parlo direttamente a voi: non fatevi strumentalizzare o coinvolgere in atti violenti &#8211; aggiunge -. Bloccare un treno o un&#8217;autostrada \u00e8 un reato penale, si rischiano anni di carcere. Un conto \u00e8 chiedere pace e giustizia per la Palestina, un altro conto \u00e8 bloccare le stazioni o mandare all&#8217;ospedale 125 poliziotti. Attenti ai &#8220;cattivi maestri&#8221;, che nel secolo scorso hanno rovinato un&#8217;intera generazione&#8221;.<br \/>Quanto agli scioperi, &#8220;la legge \u00e8 ferma agli anni Novanta e intanto \u00e8 cambiato il mondo &#8211; prosegue Salvini -. Il diritto allo sciopero non si tocca, ma vanno rivisti tempi, modi e anche eventuali sanzioni. Proprio per non inasprire lo scontro ho evitato di precettare, venerd\u00ec scorso, nonostante il garante avesse giudicato illegittimo lo sciopero selvaggio proclamato dalla Cgil. Risultato? Un&#8217;adesione bassa ma milioni di italiani lasciati a piedi, con una giornata rovinata e danni per centinaia di milioni di euro. Landini \u00e8 un irresponsabile, usa i lavoratori per fare una sua personale battaglia politica contro tutto e tutti, svilendo il significato stesso dello sciopero. D&#8217;ora in poi, chi rompe paga, e chi non rispetta le regole pure&#8221;.<div id=\"div-gpt-ad-Messinaoggi.it-DSK-300x250-corpoart\" style=\"text-align:center;margin:0 auto;\"><\/div><\/p>\n<p>&#8211; Foto IPA Agency &#8211;<div id=\"videoincontent\" style=\"clear:both\";><\/div><\/p>\n<p>(ITALPRESS).<\/p><\/div>\n","protected":false},"excerpt":{"rendered":"<p>ROMA (ITALPRESS) &#8211; Quello della Calabria \u00e8 un &#8220;risultato straordinario, storico, emozionante. Trainiamo la coalizione in citt\u00e0 importanti come Lamezia Terme e abbiamo numeri fantastici a Reggio Calabria: abbiamo conquistato col lavoro la fiducia della maggioranza dei calabresi, e mi riferisco soprattutto al Ponte sullo Stretto. Mi ricompensa di tanto impegno, la Lega cresce e [&hellip;]<\/p>\n","protected":false},"author":18,"featured_media":251688,"comment_status":"closed","ping_status":"closed","sticky":false,"template":"","format":"standard","meta":{"ub_ctt_via":"","_mi_skip_tracking":false},"categories":[446],"tags":[783],"featured_image_src":"https:\/\/www.messinaoggi.it\/website\/wp-content\/uploads\/2025\/10\/20251007_0178.jpg","author_info":{"display_name":"Admin","author_link":"https:\/\/www.messinaoggi.it\/website\/author\/admin\/"},"digistream_id":0,"digistream":false,"_links":{"self":[{"href":"https:\/\/www.messinaoggi.it\/website\/wp-json\/wp\/v2\/posts\/251687"}],"collection":[{"href":"https:\/\/www.messinaoggi.it\/website\/wp-json\/wp\/v2\/posts"}],"about":[{"href":"https:\/\/www.messinaoggi.it\/website\/wp-json\/wp\/v2\/types\/post"}],"author":[{"embeddable":true,"href":"https:\/\/www.messinaoggi.it\/website\/wp-json\/wp\/v2\/users\/18"}],"replies":[{"embeddable":true,"href":"https:\/\/www.messinaoggi.it\/website\/wp-json\/wp\/v2\/comments?post=251687"}],"version-history":[{"count":0,"href":"https:\/\/www.messinaoggi.it\/website\/wp-json\/wp\/v2\/posts\/251687\/revisions"}],"wp:featuredmedia":[{"embeddable":true,"href":"https:\/\/www.messinaoggi.it\/website\/wp-json\/wp\/v2\/media\/251688"}],"wp:attachment":[{"href":"https:\/\/www.messinaoggi.it\/website\/wp-json\/wp\/v2\/media?parent=251687"}],"wp:term":[{"taxonomy":"category","embeddable":true,"href":"https:\/\/www.messinaoggi.it\/website\/wp-json\/wp\/v2\/categories?post=251687"},{"taxonomy":"post_tag","embeddable":true,"href":"https:\/\/www.messinaoggi.it\/website\/wp-json\/wp\/v2\/tags?post=251687"}],"curies":[{"name":"wp","href":"https:\/\/api.w.org\/{rel}","templated":true}]}}