{"id":251683,"date":"2025-10-07T11:09:36","date_gmt":"2025-10-07T09:09:36","guid":{"rendered":"https:\/\/www.messinaoggi.it\/website\/2025\/10\/07\/7-ottobre-meloni-la-violenza-di-hamas-ha-scatenato-una-crisi-senza-precedenti\/"},"modified":"2025-10-07T11:09:36","modified_gmt":"2025-10-07T09:09:36","slug":"7-ottobre-meloni-la-violenza-di-hamas-ha-scatenato-una-crisi-senza-precedenti","status":"publish","type":"post","link":"https:\/\/www.messinaoggi.it\/website\/2025\/10\/07\/7-ottobre-meloni-la-violenza-di-hamas-ha-scatenato-una-crisi-senza-precedenti\/","title":{"rendered":"7 ottobre, Meloni \u201cLa violenza di Hamas ha scatenato una crisi senza precedenti\u201d"},"content":{"rendered":"<div>ROMA (ITALPRESS) &#8211;<em> &#8220;Sono trascorsi due anni dall&#8217;ignominia del massacro compiuto dai terroristi di Hamas contro migliaia di civili inermi e innocenti israeliani, donne e bambini compresi. Crimini indicibili che fanno del 7 ottobre una delle pagine pi\u00f9 buie della storia. Oggi rinnoviamo la vicinanza ai famigliari delle vittime e torniamo a chiedere la liberazione degli ostaggi, che ancora oggi attendono di tornare a casa dopo due anni di prigionia, vessazioni, sofferenze&#8221;.<\/em> Lo afferma in una nota il presidente del Consiglio Giorgia <strong>Meloni.<\/strong><div id=\"div-gpt-ad-Messinaoggi.it-DSK-300x250-corpoart\" style=\"text-align:center;margin:0 auto;\"><\/div><\/p>\n<p><em>&#8220;La violenza di Hamas ha scatenato una crisi senza precedenti in Medio Oriente. La reazione militare di Israele \u00e8 andata oltre ogni principio di proporzionalit\u00e0, e sta mietendo troppe vittime innocenti tra la popolazione civile di Gaza<\/em> &#8211; prosegue Meloni -. <em>L&#8217;anniversario di oggi cade in un momento in cui si intravede la concreta possibilit\u00e0 di porre fine a questa guerra. Il Piano di pace presentato dal Presidente Trump &#8211; che ha incontrato il convinto sostegno non soltanto delle Nazione europee, ma anche dei Paesi arabi e islamici &#8211; offre una opportunit\u00e0 che non deve andare sprecata, per giungere a una cessazione permanente delle ostilit\u00e0, riportare a caaa gli ostaggi ancora nelle mani di Hamas e avviare un processo verso un quadro di pace e di sicurezza in tutto il Medio Oriente&#8221;.<\/em><div id=\"videoincontent\" style=\"clear:both\";><\/div><\/p>\n<p><em>&#8220;Abbiamo tutti il dovere di fare quanto \u00e8 nelle nostre possibilit\u00e0 affinch\u00e8 questa preziosa e fragile occasione abbia successo. L&#8217;Italia non ha mai fatto mancare il suo contributo in questa direzione, e continuer\u00e0 a fare la propria parte&#8221;,<\/em> conclude il premier.<\/p>\n<p>&#8211; Foto IPA Agency &#8211;<\/p>\n<p>(ITALPRESS).<\/p><\/div>\n","protected":false},"excerpt":{"rendered":"<p>ROMA (ITALPRESS) &#8211; &#8220;Sono trascorsi due anni dall&#8217;ignominia del massacro compiuto dai terroristi di Hamas contro migliaia di civili inermi e innocenti israeliani, donne e bambini compresi. Crimini indicibili che fanno del 7 ottobre una delle pagine pi\u00f9 buie della storia. Oggi rinnoviamo la vicinanza ai famigliari delle vittime e torniamo a chiedere la liberazione [&hellip;]<\/p>\n","protected":false},"author":18,"featured_media":251684,"comment_status":"closed","ping_status":"closed","sticky":false,"template":"","format":"standard","meta":{"ub_ctt_via":"","_mi_skip_tracking":false},"categories":[446],"tags":[783],"featured_image_src":"https:\/\/www.messinaoggi.it\/website\/wp-content\/uploads\/2025\/10\/20251007_0129.jpg","author_info":{"display_name":"Admin","author_link":"https:\/\/www.messinaoggi.it\/website\/author\/admin\/"},"digistream_id":0,"digistream":false,"_links":{"self":[{"href":"https:\/\/www.messinaoggi.it\/website\/wp-json\/wp\/v2\/posts\/251683"}],"collection":[{"href":"https:\/\/www.messinaoggi.it\/website\/wp-json\/wp\/v2\/posts"}],"about":[{"href":"https:\/\/www.messinaoggi.it\/website\/wp-json\/wp\/v2\/types\/post"}],"author":[{"embeddable":true,"href":"https:\/\/www.messinaoggi.it\/website\/wp-json\/wp\/v2\/users\/18"}],"replies":[{"embeddable":true,"href":"https:\/\/www.messinaoggi.it\/website\/wp-json\/wp\/v2\/comments?post=251683"}],"version-history":[{"count":0,"href":"https:\/\/www.messinaoggi.it\/website\/wp-json\/wp\/v2\/posts\/251683\/revisions"}],"wp:featuredmedia":[{"embeddable":true,"href":"https:\/\/www.messinaoggi.it\/website\/wp-json\/wp\/v2\/media\/251684"}],"wp:attachment":[{"href":"https:\/\/www.messinaoggi.it\/website\/wp-json\/wp\/v2\/media?parent=251683"}],"wp:term":[{"taxonomy":"category","embeddable":true,"href":"https:\/\/www.messinaoggi.it\/website\/wp-json\/wp\/v2\/categories?post=251683"},{"taxonomy":"post_tag","embeddable":true,"href":"https:\/\/www.messinaoggi.it\/website\/wp-json\/wp\/v2\/tags?post=251683"}],"curies":[{"name":"wp","href":"https:\/\/api.w.org\/{rel}","templated":true}]}}