{"id":251667,"date":"2025-10-07T08:34:39","date_gmt":"2025-10-07T06:34:39","guid":{"rendered":"http:\/\/www.messinaoggi.it\/website\/?p=251667"},"modified":"2025-10-07T08:37:21","modified_gmt":"2025-10-07T06:37:21","slug":"il-luogotenente-dei-cc-agresta-premiato-per-limpegno-civile-al-tribunale-di-enna","status":"publish","type":"post","link":"https:\/\/www.messinaoggi.it\/website\/2025\/10\/07\/il-luogotenente-dei-cc-agresta-premiato-per-limpegno-civile-al-tribunale-di-enna\/","title":{"rendered":"Il luogotenente dei Cc Agresta premiato per l&#8217;impegno civile al Tribunale di Enna"},"content":{"rendered":"\n<p><strong>Ezio Agrest<\/strong>a, luogotenente dell\u2019Arma dei carabinieri, in servizio alla nucleo di Polizia giudiziaria di Messina, ha ricevuto nei giorni scorsi il prestigioso premio internazionale per l\u2019impegno sociale 2025 in occasione delle celebrazioni alla memoria del dott. <strong>Giovanni Salerno<\/strong>, funzionario del tribunale di Enna.<div id=\"div-gpt-ad-Messinaoggi.it-DSK-300x250-corpoart\" style=\"text-align:center;margin:0 auto;\"><\/div><\/p>\n\n\n\n<p>Il premio si inserisce nell\u2019ambito dell\u2019anniversario \u201c<strong>Memorial Rosario Livatino, Antonio Saetta e Gaetano Costa<\/strong>\u201d.<div id=\"videoincontent\" style=\"clear:both\";><\/div><\/p>\n\n\n\n<p>La consegna del premio \u00e8 avvenuta al Tribunale di Enna dove il militare dell\u2019arma, calabrese di origine ma ormai diventato messinese di adozione, ha ricevuto il riconoscimento dal dott. <strong>Fabio D\u2019Anna<\/strong>, magistrato messinese che guida la Procura generale presso la Corte d&#8217;Appello del Tribunale di Caltanissetta. \u201cPerch\u00e9 alla luce di un martirio in nome della giustizia, si operi sempre nel timore di Dio, nel rispetto dell\u2019uomo, con amore, dignit\u00e0, solidariet\u00e0, scrupolo e seriet\u00e0 per un reale impegno sociale che affermi valori e ideali limpidissimi, affinch\u00e9 davanti a Dio Padre possiamo un giorno dire: \u2018Abbiamo amato la Giustizia e difeso il giusto, l\u2019indifeso e il povero, cercato la pace, amato tutti, reso migliore il mondo di come l\u2019abbiamo trovato\u201d: con questa motivazione \u00e8 stato consegnato ad Agresta il premio dal Comitato <strong>Livatino-Saetta-Costa<\/strong>.<\/p>\n","protected":false},"excerpt":{"rendered":"<p>Ezio Agresta, luogotenente dell\u2019Arma dei carabinieri, in servizio alla nucleo di Polizia giudiziaria di Messina, ha ricevuto nei giorni scorsi il prestigioso premio internazionale per l\u2019impegno sociale 2025 in occasione delle celebrazioni alla memoria del dott. Giovanni Salerno, funzionario del tribunale di Enna. Il premio si inserisce nell\u2019ambito dell\u2019anniversario \u201cMemorial Rosario Livatino, Antonio Saetta e [&hellip;]<\/p>\n","protected":false},"author":2,"featured_media":251668,"comment_status":"open","ping_status":"open","sticky":false,"template":"","format":"standard","meta":{"ub_ctt_via":"","_mi_skip_tracking":false},"categories":[5],"tags":[],"featured_image_src":"https:\/\/www.messinaoggi.it\/website\/wp-content\/uploads\/2025\/10\/0-1.jpg","author_info":{"display_name":"Redazione","author_link":"https:\/\/www.messinaoggi.it\/website\/author\/redazione\/"},"digistream_id":0,"digistream":false,"_links":{"self":[{"href":"https:\/\/www.messinaoggi.it\/website\/wp-json\/wp\/v2\/posts\/251667"}],"collection":[{"href":"https:\/\/www.messinaoggi.it\/website\/wp-json\/wp\/v2\/posts"}],"about":[{"href":"https:\/\/www.messinaoggi.it\/website\/wp-json\/wp\/v2\/types\/post"}],"author":[{"embeddable":true,"href":"https:\/\/www.messinaoggi.it\/website\/wp-json\/wp\/v2\/users\/2"}],"replies":[{"embeddable":true,"href":"https:\/\/www.messinaoggi.it\/website\/wp-json\/wp\/v2\/comments?post=251667"}],"version-history":[{"count":2,"href":"https:\/\/www.messinaoggi.it\/website\/wp-json\/wp\/v2\/posts\/251667\/revisions"}],"predecessor-version":[{"id":251670,"href":"https:\/\/www.messinaoggi.it\/website\/wp-json\/wp\/v2\/posts\/251667\/revisions\/251670"}],"wp:featuredmedia":[{"embeddable":true,"href":"https:\/\/www.messinaoggi.it\/website\/wp-json\/wp\/v2\/media\/251668"}],"wp:attachment":[{"href":"https:\/\/www.messinaoggi.it\/website\/wp-json\/wp\/v2\/media?parent=251667"}],"wp:term":[{"taxonomy":"category","embeddable":true,"href":"https:\/\/www.messinaoggi.it\/website\/wp-json\/wp\/v2\/categories?post=251667"},{"taxonomy":"post_tag","embeddable":true,"href":"https:\/\/www.messinaoggi.it\/website\/wp-json\/wp\/v2\/tags?post=251667"}],"curies":[{"name":"wp","href":"https:\/\/api.w.org\/{rel}","templated":true}]}}