{"id":251665,"date":"2025-10-07T01:09:36","date_gmt":"2025-10-06T23:09:36","guid":{"rendered":"https:\/\/www.messinaoggi.it\/website\/2025\/10\/07\/piantedosi-grave-sottovalutare-appelli-alla-rivolta-sociale\/"},"modified":"2025-10-07T09:35:44","modified_gmt":"2025-10-07T07:35:44","slug":"piantedosi-grave-sottovalutare-appelli-alla-rivolta-sociale","status":"publish","type":"post","link":"https:\/\/www.messinaoggi.it\/website\/2025\/10\/07\/piantedosi-grave-sottovalutare-appelli-alla-rivolta-sociale\/","title":{"rendered":"Piantedosi \u201cGrave sottovalutare appelli alla rivolta sociale\u201d"},"content":{"rendered":"<div>ROMA (ITALPRESS) &#8211; Se c&#8217;\u00e8 stata una regia dietro gli scontri alle recenti manifestazioni &#8220;lo accerteranno gli inquirenti, ma credo che ci sia stata una sottovalutazione e la cosa non \u00e8 meno grave: lanciare di continuo appelli alla piazza, alla rivolta sociale o, peggio ancora, sottovalutare la partecipazione di alcuni gruppi&#8221;. Cos\u00ec il ministro dell&#8217;Interno, Matteo Piantedosi, a Cinque Minuti su Rai1. <br \/>&#8220;La nostra storia ci insegna: non bisogna mai sottovalutare che quando ci sono gruppi cos\u00ec estesi di antagonisti c&#8217;\u00e8 una stratificazione di atteggiamenti che vogliono il pretesto per innalzare il livello dello scontro &#8211; ha aggiunto -. Il rischio c&#8217;\u00e8 sicuramente, ecco perch\u00e8 c&#8217;\u00e8 bisogno che tutte le istituzioni democratiche siano concordi nel non innescare la miccia&#8221;.<div id=\"div-gpt-ad-Messinaoggi.it-DSK-300x250-corpoart\" style=\"text-align:center;margin:0 auto;\"><\/div><\/p>\n<p>&#8211; Foto IPA Agency &#8211;<div id=\"videoincontent\" style=\"clear:both\";><\/div><\/p>\n<p>(ITALPRESS).<\/p><\/div>\n","protected":false},"excerpt":{"rendered":"<p>ROMA (ITALPRESS) &#8211; Se c&#8217;\u00e8 stata una regia dietro gli scontri alle recenti manifestazioni &#8220;lo accerteranno gli inquirenti, ma credo che ci sia stata una sottovalutazione e la cosa non \u00e8 meno grave: lanciare di continuo appelli alla piazza, alla rivolta sociale o, peggio ancora, sottovalutare la partecipazione di alcuni gruppi&#8221;. Cos\u00ec il ministro dell&#8217;Interno, [&hellip;]<\/p>\n","protected":false},"author":18,"featured_media":251666,"comment_status":"closed","ping_status":"closed","sticky":false,"template":"","format":"standard","meta":{"ub_ctt_via":"","_mi_skip_tracking":false},"categories":[446,4],"tags":[783],"featured_image_src":"https:\/\/www.messinaoggi.it\/website\/wp-content\/uploads\/2025\/10\/20251006_2506.jpg","author_info":{"display_name":"Admin","author_link":"https:\/\/www.messinaoggi.it\/website\/author\/admin\/"},"digistream_id":0,"digistream":false,"_links":{"self":[{"href":"https:\/\/www.messinaoggi.it\/website\/wp-json\/wp\/v2\/posts\/251665"}],"collection":[{"href":"https:\/\/www.messinaoggi.it\/website\/wp-json\/wp\/v2\/posts"}],"about":[{"href":"https:\/\/www.messinaoggi.it\/website\/wp-json\/wp\/v2\/types\/post"}],"author":[{"embeddable":true,"href":"https:\/\/www.messinaoggi.it\/website\/wp-json\/wp\/v2\/users\/18"}],"replies":[{"embeddable":true,"href":"https:\/\/www.messinaoggi.it\/website\/wp-json\/wp\/v2\/comments?post=251665"}],"version-history":[{"count":1,"href":"https:\/\/www.messinaoggi.it\/website\/wp-json\/wp\/v2\/posts\/251665\/revisions"}],"predecessor-version":[{"id":251675,"href":"https:\/\/www.messinaoggi.it\/website\/wp-json\/wp\/v2\/posts\/251665\/revisions\/251675"}],"wp:featuredmedia":[{"embeddable":true,"href":"https:\/\/www.messinaoggi.it\/website\/wp-json\/wp\/v2\/media\/251666"}],"wp:attachment":[{"href":"https:\/\/www.messinaoggi.it\/website\/wp-json\/wp\/v2\/media?parent=251665"}],"wp:term":[{"taxonomy":"category","embeddable":true,"href":"https:\/\/www.messinaoggi.it\/website\/wp-json\/wp\/v2\/categories?post=251665"},{"taxonomy":"post_tag","embeddable":true,"href":"https:\/\/www.messinaoggi.it\/website\/wp-json\/wp\/v2\/tags?post=251665"}],"curies":[{"name":"wp","href":"https:\/\/api.w.org\/{rel}","templated":true}]}}