{"id":251663,"date":"2025-10-06T21:09:42","date_gmt":"2025-10-06T19:09:42","guid":{"rendered":"https:\/\/www.messinaoggi.it\/website\/2025\/10\/06\/milan-como-a-perth-via-libera-uefa-ma-e-uneccezione\/"},"modified":"2025-10-06T21:09:42","modified_gmt":"2025-10-06T19:09:42","slug":"milan-como-a-perth-via-libera-uefa-ma-e-uneccezione","status":"publish","type":"post","link":"https:\/\/www.messinaoggi.it\/website\/2025\/10\/06\/milan-como-a-perth-via-libera-uefa-ma-e-uneccezione\/","title":{"rendered":"Milan-Como a Perth, via libera Uefa \u201cMa \u00e8 un\u2019eccezione\u201d"},"content":{"rendered":"<div>NYON (SVIZZERA) (ITALPRESS) &#8211; Con riluttanza ma alla fine la Uefa ha detto s\u00ec: la richiesta presentata da Lega e Figc per far disputare Milan-Como a Perth il prossimo 8 febbraio, cos\u00ec come quella della Rfef per spostare Villarreal-Barcellona del 21 dicembre a Miami, sono state approvate. Lo scorso 11 settembre l&#8217;Esecutivo di Nyon aveva deciso di non decidere, prendendosi ulteriore tempo per analizzare la questione. Alla fine \u00e8 arrivato il s\u00ec ma in via del tutto eccezionale perch\u00e8 la Uefa si schiera apertamente contro lo spostamento all&#8217;estero delle gare dei campionati nazionali. La consultazione avviata nelle scorse settimane &#8220;ha confermato la mancanza di sostegno diffusa, gi\u00e0 espressa da tifosi, altre leghe, club, giocatori e istituzioni europee, nei confronti dell&#8217;idea di disputare all&#8217;estero partite valide per i campionati nazionali. Tuttavia, poich\u00e8 il quadro normativo Fifa di riferimento &#8211; attualmente in revisione &#8211; non \u00e8 sufficientemente chiaro e dettagliato, il Comitato Esecutivo della Uefa ha deciso, con riluttanza, di approvare in via eccezionale le due richieste ricevute&#8221;. Per il futuro la Uefa &#8220;contribuir\u00e0 attivamente&#8221; a ci\u00f2 su cui sta lavorando la Fifa &#8220;affinch\u00e8 le future norme garantiscano l&#8217;integrit\u00e0 delle competizioni nazionali e il legame stretto tra club, tifosi e comunit\u00e0 locali&#8221;. &#8220;Parallelamente, tutte le federazioni nazionali Uefa hanno confermato il loro impegno a consultare la Uefa prima di presentare eventuali richieste future. In tal modo, hanno espresso la loro determinazione collettiva a tutelare gli interessi pi\u00f9 ampi del calcio europeo&#8221;. &#8220;Le partite di campionato devono essere giocate sul suolo nazionale &#8211; la posizione espressa dal presidente Uefa, Aleksander Ceferin &#8211; Qualsiasi altra soluzione priverebbe i tifosi pi\u00f9 fedeli della loro esperienza e potrebbe introdurre elementi distorsivi nelle competizioni. La nostra consultazione ha confermato l&#8217;ampiezza di queste preoccupazioni. Anche se \u00e8 spiacevole dover consentire lo svolgimento di queste due partite, questa decisione \u00e8 eccezionale e non deve essere considerata un precedente. Il nostro impegno \u00e8 chiaro: proteggere l&#8217;integrit\u00e0 dei campionati nazionali e garantire che il calcio resti radicato nel proprio contesto d&#8217;origine&#8221;.<br \/>&#8211; foto Ipa Agency &#8211;<br \/>(ITALPRESS).<\/div>\n<div id=\"div-gpt-ad-Messinaoggi.it-DSK-300x250-corpoart\" style=\"text-align:center;margin:0 auto;\"><\/div><\/p><div id=\"videoincontent\" style=\"clear:both\";><\/div>","protected":false},"excerpt":{"rendered":"<p>NYON (SVIZZERA) (ITALPRESS) &#8211; Con riluttanza ma alla fine la Uefa ha detto s\u00ec: la richiesta presentata da Lega e Figc per far disputare Milan-Como a Perth il prossimo 8 febbraio, cos\u00ec come quella della Rfef per spostare Villarreal-Barcellona del 21 dicembre a Miami, sono state approvate. Lo scorso 11 settembre l&#8217;Esecutivo di Nyon aveva [&hellip;]<\/p>\n","protected":false},"author":18,"featured_media":251664,"comment_status":"closed","ping_status":"closed","sticky":false,"template":"","format":"standard","meta":{"ub_ctt_via":"","_mi_skip_tracking":false},"categories":[446],"tags":[783],"featured_image_src":"https:\/\/www.messinaoggi.it\/website\/wp-content\/uploads\/2025\/10\/20251006_2030.jpg","author_info":{"display_name":"Admin","author_link":"https:\/\/www.messinaoggi.it\/website\/author\/admin\/"},"digistream_id":0,"digistream":false,"_links":{"self":[{"href":"https:\/\/www.messinaoggi.it\/website\/wp-json\/wp\/v2\/posts\/251663"}],"collection":[{"href":"https:\/\/www.messinaoggi.it\/website\/wp-json\/wp\/v2\/posts"}],"about":[{"href":"https:\/\/www.messinaoggi.it\/website\/wp-json\/wp\/v2\/types\/post"}],"author":[{"embeddable":true,"href":"https:\/\/www.messinaoggi.it\/website\/wp-json\/wp\/v2\/users\/18"}],"replies":[{"embeddable":true,"href":"https:\/\/www.messinaoggi.it\/website\/wp-json\/wp\/v2\/comments?post=251663"}],"version-history":[{"count":0,"href":"https:\/\/www.messinaoggi.it\/website\/wp-json\/wp\/v2\/posts\/251663\/revisions"}],"wp:featuredmedia":[{"embeddable":true,"href":"https:\/\/www.messinaoggi.it\/website\/wp-json\/wp\/v2\/media\/251664"}],"wp:attachment":[{"href":"https:\/\/www.messinaoggi.it\/website\/wp-json\/wp\/v2\/media?parent=251663"}],"wp:term":[{"taxonomy":"category","embeddable":true,"href":"https:\/\/www.messinaoggi.it\/website\/wp-json\/wp\/v2\/categories?post=251663"},{"taxonomy":"post_tag","embeddable":true,"href":"https:\/\/www.messinaoggi.it\/website\/wp-json\/wp\/v2\/tags?post=251663"}],"curies":[{"name":"wp","href":"https:\/\/api.w.org\/{rel}","templated":true}]}}