{"id":251633,"date":"2025-10-06T13:06:27","date_gmt":"2025-10-06T11:06:27","guid":{"rendered":"https:\/\/www.messinaoggi.it\/website\/2025\/10\/06\/scoperta-maxi-frode-su-importazione-auto-anche-ferrari-e-porsche\/"},"modified":"2025-10-06T13:06:27","modified_gmt":"2025-10-06T11:06:27","slug":"scoperta-maxi-frode-su-importazione-auto-anche-ferrari-e-porsche","status":"publish","type":"post","link":"https:\/\/www.messinaoggi.it\/website\/2025\/10\/06\/scoperta-maxi-frode-su-importazione-auto-anche-ferrari-e-porsche\/","title":{"rendered":"Scoperta maxi frode su importazione auto, anche Ferrari e Porsche"},"content":{"rendered":"<div>PRATO (ITALPRESS) &#8211; Sotto il coordinamento dell&#8217;European Public Prosecutor&#8217;s Officie (EPPO) di Bologna, i militari del Comando Provinciale della Guardia di Finanza di Prato hanno dato esecuzione a provvedimenti emessi dai Tribunali di Ferrara e Trani, volti a colpire un&#8217;<strong>associazione criminale dedita alla vendita di autovetture di lusso di origine tedesca.<\/strong><div id=\"div-gpt-ad-Messinaoggi.it-DSK-300x250-corpoart\" style=\"text-align:center;margin:0 auto;\"><\/div><\/p>\n<p><strong>Il profitto del reato ricostruito dalle Fiamme Gialle pratesi ammonta complessivamente a circa 43 milioni di euro<\/strong>, cifra confermata dagli organi giudicanti nell&#8217;ambito delle ordinanze che hanno disposto l&#8217;applicazione di misure cautelari reali sui capitali sociali di 8 societ\u00e0, 7 appezzamenti di terreno, 3 immobili residenziali, un concessionario auto, 41 autovetture (tra le quali spiccano Ferrari, Lamborghini e Porsche, ndr) per un valore di mercato complessivo di circa 3,5 milioni di euro ed oltre 50 conti bancari con disponibilit\u00e0 liquide complessive, al momento, di oltre 1,2 milioni di euro.<div id=\"videoincontent\" style=\"clear:both\";><\/div><\/p>\n<p>Contestualmente alla notifica dei provvedimenti sono state eseguite perquisizioni locali di oltre 15 siti target, tra residenze, sedi di imprese attive ed altre unit\u00e0 locali nella disponibilit\u00e0 degli indagati. Le attivit\u00e0 investigative condotte dai Finanzieri del Gruppo di Prato hanno preso le mosse da un esposto presentato da un acquirente che lamentava difficolt\u00e0 nel perfezionamento dell&#8217;immatricolazione di una vettura usata acquistata tramite un concessionario multimarca da un venditore tedesco.<\/p>\n<p>&#8211; Foto ufficio stampa GDF &#8211;<\/p>\n<p>(ITALPRESS).<\/p><\/div>\n","protected":false},"excerpt":{"rendered":"<p>PRATO (ITALPRESS) &#8211; Sotto il coordinamento dell&#8217;European Public Prosecutor&#8217;s Officie (EPPO) di Bologna, i militari del Comando Provinciale della Guardia di Finanza di Prato hanno dato esecuzione a provvedimenti emessi dai Tribunali di Ferrara e Trani, volti a colpire un&#8217;associazione criminale dedita alla vendita di autovetture di lusso di origine tedesca. Il profitto del reato [&hellip;]<\/p>\n","protected":false},"author":18,"featured_media":251634,"comment_status":"closed","ping_status":"closed","sticky":false,"template":"","format":"standard","meta":{"ub_ctt_via":"","_mi_skip_tracking":false},"categories":[446],"tags":[783],"featured_image_src":"https:\/\/www.messinaoggi.it\/website\/wp-content\/uploads\/2025\/10\/20251006_0182.jpg","author_info":{"display_name":"Admin","author_link":"https:\/\/www.messinaoggi.it\/website\/author\/admin\/"},"digistream_id":0,"digistream":false,"_links":{"self":[{"href":"https:\/\/www.messinaoggi.it\/website\/wp-json\/wp\/v2\/posts\/251633"}],"collection":[{"href":"https:\/\/www.messinaoggi.it\/website\/wp-json\/wp\/v2\/posts"}],"about":[{"href":"https:\/\/www.messinaoggi.it\/website\/wp-json\/wp\/v2\/types\/post"}],"author":[{"embeddable":true,"href":"https:\/\/www.messinaoggi.it\/website\/wp-json\/wp\/v2\/users\/18"}],"replies":[{"embeddable":true,"href":"https:\/\/www.messinaoggi.it\/website\/wp-json\/wp\/v2\/comments?post=251633"}],"version-history":[{"count":0,"href":"https:\/\/www.messinaoggi.it\/website\/wp-json\/wp\/v2\/posts\/251633\/revisions"}],"wp:featuredmedia":[{"embeddable":true,"href":"https:\/\/www.messinaoggi.it\/website\/wp-json\/wp\/v2\/media\/251634"}],"wp:attachment":[{"href":"https:\/\/www.messinaoggi.it\/website\/wp-json\/wp\/v2\/media?parent=251633"}],"wp:term":[{"taxonomy":"category","embeddable":true,"href":"https:\/\/www.messinaoggi.it\/website\/wp-json\/wp\/v2\/categories?post=251633"},{"taxonomy":"post_tag","embeddable":true,"href":"https:\/\/www.messinaoggi.it\/website\/wp-json\/wp\/v2\/tags?post=251633"}],"curies":[{"name":"wp","href":"https:\/\/api.w.org\/{rel}","templated":true}]}}