{"id":251606,"date":"2025-10-06T10:31:05","date_gmt":"2025-10-06T08:31:05","guid":{"rendered":"http:\/\/www.messinaoggi.it\/website\/?p=251606"},"modified":"2025-10-06T10:31:14","modified_gmt":"2025-10-06T08:31:14","slug":"festa-unita-messina-si-e-chiusa-con-successo","status":"publish","type":"post","link":"https:\/\/www.messinaoggi.it\/website\/2025\/10\/06\/festa-unita-messina-si-e-chiusa-con-successo\/","title":{"rendered":"Festa Unit\u00e0 Messina, si \u00e8 chiusa con successo"},"content":{"rendered":"\n<p>Si \u00e8 conclusa la\u00a0<strong>Festa provinciale dell&#8217;Unit\u00e0 di Messina<\/strong>. La manifestazione, molto partecipata, ha rappresentato\u00a0<strong>un&#8217;importante occasione di riflessione e confronto<\/strong>\u00a0su temi cruciali per la citt\u00e0 di Messina e per la provincia, nella quale \u00e8 stata valorizzata la prospettiva femminista.<div id=\"div-gpt-ad-Messinaoggi.it-DSK-300x250-corpoart\" style=\"text-align:center;margin:0 auto;\"><\/div><\/p>\n\n\n\n<p>La giornata conclusiva si \u00e8 aperta con <strong>l&#8217;Assemblea e la Direzione provinciale<\/strong>, alla presenza della deputata nazionale PD <strong>Stefania Marino<\/strong> e del deputato regionale <strong>Calogero Leanza<\/strong>, Nel corso della riunione sono stati affrontati, in particolare, i seguenti temi:<div id=\"videoincontent\" style=\"clear:both\";><\/div><\/p>\n\n\n\n<p>&#8211; <strong>finanziaria regionale<\/strong>, impegnando i rappresentanti PD a opporsi ad ogni \u201c<em>norma mancia<\/em>\u201d e a promuovere una manovra finanziaria regionale orientata al bene comune e non al tornaconto di pochi. <\/p>\n\n\n\n<p>&#8211; <strong>trasparenza<\/strong> e <strong>buona amministrazione<\/strong>: preoccupano le ombre sollevate attorno ai finanziamenti del movimento \u201c<em>Sud Chiama Nord<\/em>\u201d  come anche quello sul finanziamento al <strong>GAL Taormina \u2013 Peloritani<\/strong>.<\/p>\n\n\n\n<p>&#8211; <strong>ambiente, territorio e salute<\/strong>: importante mettere in campo una strategia integrata che coniughi tutela dell\u2019ambiente, difesa della salute e della sicurezza, della qualit\u00e0 dei servizi nella sanit\u00e0, gestione dell\u2019acqua e dei rifiuti, innalzamento degli standard di qualit\u00e0 della vita nel nostro territorio.<\/p>\n\n\n\n<p>&#8211; <strong>sviluppo economico, lavoro e infrastrutture<\/strong>: ferma la battaglia contro il ponte, il PD messinese deve essere impegnato a tutti i livelli per la promozione di un piano di sviluppo infrastrutturale e mobilit\u00e0 per la realizzazione di quelle opere pubbliche utili a ridurre i divari territoriali provinciali; per il potenziamento dei trasporti pubblici locali e le connessioni intermodali; per un piano industriale nella nostra provincia volto alla riconversione e transizione ecologica; per implementare la sicurezza sul lavoro.<\/p>\n\n\n\n<p>Un attenzione particolare \u00e8 stata dedicata alle questioni ancora aperte sul <strong>CCPM di Taormina<\/strong> e alla vertenza <strong>CARGILL<\/strong>. <\/p>\n\n\n\n<p>Dopo la telefonata a sorpresa di <strong>Arturo Scotto<\/strong>, reduce dalla illegale detenzione a opera della Marina Militare israeliana, si \u00e8 svolto il dibattito<strong><em> &#8220;Economia, salute e welfare di prossimit\u00e0: la prospettiva di genere&#8221;<\/em><\/strong>, moderato da <strong>Antonella Russo<\/strong> al quale hanno partecipato gli esponenti del PD <strong>Calogero Leanza<\/strong>, <strong>Stefania Marino<\/strong> e <strong>Cleo Li Calzi<\/strong>, i segretari generali delle principali organizzazioni sindacali, <strong>Pietro Patti<\/strong> (CGIL) , <strong>Ivan Tripodi<\/strong> (UIL) e <strong>Nino Alibrandi<\/strong> (CISL) l&#8217;attivista di \u201c<em>Non una di meno<\/em>\u201d <strong>Claudia Bellomo<\/strong> e la segretaria generale della Camera di Commercio <strong>Paola Sabella.<\/strong><\/p>\n\n\n\n<p>Il dibattito ha affrontato temi di grande rilevanza per il futuro della comunit\u00e0, con particolare attenzione alle <strong>politiche economiche e sociali <\/strong>nell&#8217;ottica di una maggiore <strong>equit\u00e0<\/strong> e <strong>sostenibilit\u00e0<\/strong> e con un focus specifico sulla <strong>prospettiva di genere.<\/strong><\/p>\n\n\n\n<p>Si \u00e8 discusso di <strong>sanit\u00e0<\/strong>, dei <strong>pronti soccorso<\/strong> e della <strong>rete ospedaliera<\/strong>, delle <strong>politiche regionali<\/strong>, degli scontri interni al centrodestra sul tema, del reparto di <strong>cardiochirurgia pediatrica di Taormina<\/strong>, da anni nel mirino tra le proteste delle famiglie e dell&#8217;opposizione, delle case di comunit\u00e0 e delle infinite liste d&#8217;attesa. E poi la <strong>194<\/strong>, il diritto negato all&#8217;<strong>aborto<\/strong>, la <strong>carenza di medici non obiettori<\/strong>, la grave <strong>carenza di servizi di prossimit\u00e0<\/strong> per le donne. <\/p>\n\n\n\n<p>Forti gli attacchi di <strong>Calogero Leanza<\/strong> al governo regionale, che ha preannunciato importanti azioni politiche, e quello di <strong>Stefania Marino<\/strong> al governo centrale, definito \u201cun esecutivo contro le donne\u201d.<\/p>\n","protected":false},"excerpt":{"rendered":"<p>Si \u00e8 conclusa la\u00a0Festa provinciale dell&#8217;Unit\u00e0 di Messina. La manifestazione, molto partecipata, ha rappresentato\u00a0un&#8217;importante occasione di riflessione e confronto\u00a0su temi cruciali per la citt\u00e0 di Messina e per la provincia, nella quale \u00e8 stata valorizzata la prospettiva femminista. La giornata conclusiva si \u00e8 aperta con l&#8217;Assemblea e la Direzione provinciale, alla presenza della deputata nazionale [&hellip;]<\/p>\n","protected":false},"author":2,"featured_media":3306,"comment_status":"open","ping_status":"open","sticky":false,"template":"","format":"standard","meta":{"ub_ctt_via":"","_mi_skip_tracking":false},"categories":[4],"tags":[],"featured_image_src":"https:\/\/www.messinaoggi.it\/website\/wp-content\/uploads\/2017\/06\/Pd-bandiere-2.jpg","author_info":{"display_name":"Redazione","author_link":"https:\/\/www.messinaoggi.it\/website\/author\/redazione\/"},"digistream_id":0,"digistream":false,"_links":{"self":[{"href":"https:\/\/www.messinaoggi.it\/website\/wp-json\/wp\/v2\/posts\/251606"}],"collection":[{"href":"https:\/\/www.messinaoggi.it\/website\/wp-json\/wp\/v2\/posts"}],"about":[{"href":"https:\/\/www.messinaoggi.it\/website\/wp-json\/wp\/v2\/types\/post"}],"author":[{"embeddable":true,"href":"https:\/\/www.messinaoggi.it\/website\/wp-json\/wp\/v2\/users\/2"}],"replies":[{"embeddable":true,"href":"https:\/\/www.messinaoggi.it\/website\/wp-json\/wp\/v2\/comments?post=251606"}],"version-history":[{"count":1,"href":"https:\/\/www.messinaoggi.it\/website\/wp-json\/wp\/v2\/posts\/251606\/revisions"}],"predecessor-version":[{"id":251607,"href":"https:\/\/www.messinaoggi.it\/website\/wp-json\/wp\/v2\/posts\/251606\/revisions\/251607"}],"wp:featuredmedia":[{"embeddable":true,"href":"https:\/\/www.messinaoggi.it\/website\/wp-json\/wp\/v2\/media\/3306"}],"wp:attachment":[{"href":"https:\/\/www.messinaoggi.it\/website\/wp-json\/wp\/v2\/media?parent=251606"}],"wp:term":[{"taxonomy":"category","embeddable":true,"href":"https:\/\/www.messinaoggi.it\/website\/wp-json\/wp\/v2\/categories?post=251606"},{"taxonomy":"post_tag","embeddable":true,"href":"https:\/\/www.messinaoggi.it\/website\/wp-json\/wp\/v2\/tags?post=251606"}],"curies":[{"name":"wp","href":"https:\/\/api.w.org\/{rel}","templated":true}]}}