{"id":251591,"date":"2025-10-06T08:58:55","date_gmt":"2025-10-06T06:58:55","guid":{"rendered":"http:\/\/www.messinaoggi.it\/website\/?p=251591"},"modified":"2025-10-06T08:58:56","modified_gmt":"2025-10-06T06:58:56","slug":"gal-taormina-peloritani-promozione-schiticchi-e-comizi","status":"publish","type":"post","link":"https:\/\/www.messinaoggi.it\/website\/2025\/10\/06\/gal-taormina-peloritani-promozione-schiticchi-e-comizi\/","title":{"rendered":"&#8220;Gal Taormina Peloritani&#8221;: promozione, &#8220;schiticchi&#8221; e comizi"},"content":{"rendered":"\n<p>\u201cGal Taormina Peloritani, terre dei Miti e della Bellezza\u201d e se volete anche degli \u201cschiticchi\u201d. La consortile che fa riferimento al dominus di \u201c<strong>Sud chiama Nord<\/strong>\u201d si sta caratterizzando pi\u00f9 per le iniziative di promozioni del territorio di dubbia valenza che per le reali ricadute turistico-promozionali del territorio di competenza.<div id=\"div-gpt-ad-Messinaoggi.it-DSK-300x250-corpoart\" style=\"text-align:center;margin:0 auto;\"><\/div><\/p>\n\n\n\n<p><strong>La Valle dei miti e della musica<\/strong><div id=\"videoincontent\" style=\"clear:both\";><\/div><\/p>\n\n\n\n<p>Da quando <strong>Cateno De Luca<\/strong> ha ripreso il controllo della societ\u00e0 consortile che annovera fra i soci 29 Comuni per lo pi\u00f9 del comprensorio dello Jonio, oltre a privati fra cui la societ\u00e0 dello stesso sindaco di Taormina, \u00e8 un \u201cfiorire\u201d di iniziative. La scorsa estate, avendo ottenuto un \u201crobusto\u201d contributo dalla Regione Sicilia, sulla base di linee di finanziamento comunitario, il \u201cGal Taormina Peloritani\u201d ha proposto una serie di iniziative che hanno riguardato i 29 Comuni. Eventi promozionali con una dubbia promozione perch\u00e9 rivolti esclusivamente alle comunit\u00e0 territoriali.<\/p>\n\n\n\n<p>Ma in cosa sono consistite queste promozioni? La risposta \u00e8 semplice: in autentici \u201cschiticchi\u201d culminati con i canonici comizi. A prendersi, ovviamente, la scena \u00e8 stato soprattutto <strong>Cateno De Luca<\/strong> e il \u201ccodazzo\u201d di sindaci di riferimento, come <strong>Federico Basile<\/strong>, <strong>Danilo Lo Giudice<\/strong> e <strong>Pippo Lombardo<\/strong>. Premiata soprattutto Santa Teresa di Riva, dove si \u00e8 tenuto anche il concerto di <strong>Fedez <\/strong>la scorsa estate.<\/p>\n\n\n\n<p>Eventi a base di \u201cprelibatezze\u201d enogastronomiche come \u201cpasta ncaciata\u201d, arrosto misto, arancini e pitoni. Il menu promozionale \u00e8 stata la base degli eventi declinati nelle varie forme a seconda dei Comuni coinvolti. Costo dell\u2019operazione: <strong>100mila euro oltre IVA<\/strong>. Servizi di organizzazione affidati attraverso il MEPA a societ\u00e0 di riferimento della \u201cGalassia-De Luca\u201d.<\/p>\n\n\n\n<p><strong>Spesi oltre 300mila euro la scorsa estate<\/strong><\/p>\n\n\n\n<p>Servizi di Comunicazione&amp;Marketing, organizzazione eventi enogastronomici, servizio di ufficio stampa e gestione pagine Social, e poi oragnizzazione di spettacoli di artisti locali e nazionali, sono alcune delle voci attraverso le quali si \u00e8 sviluppata una dubbia promozione turistica del territorio. Eventi e iniziative pubblicizzate anche attraverso qualche pagina a pagamento sui quotidiani locali, mentre \u00e8 stato anche commissionato un documentario di appena 4\u2019 andato in onda su una trasmissione semisconosciuta di Rete4 e costato 25mila euro.<\/p>\n\n\n\n<p><strong>Gli schiticchi prevalgono sulla cultura<\/strong><\/p>\n\n\n\n<p>La scelta discutibile di concentrare le somme di promozione sugli eventi enogastrononici \u00e8 stata molto penalizzante per l\u2019aspetto culturale. La promozione culturale del territorio, ricchissimo di spunti, \u00e8 stata cestinata perch\u00e9 evidentemente non paga. Non \u00e8 stato speso un solo euro la scorsa estate \u2013 da quello che risulta dall\u2019Albo online del Gal \u2013 per la valorizzazione del patrimonio storico-architettonico del Comprensorio, fatta eccezione per il documentario su Rete4 che hanno visto oggettivamente in pochi perch\u00e9 mandato in onda domenica mattina in una fascia di ascolti piuttosto limitata.<\/p>\n\n\n\n<p><strong>Le mancette ai media amici\u2026<\/strong><\/p>\n\n\n\n<p>Novemila euro per la realizzazione di un video promozionale da mandare in onda su \u201c<strong>Tele90<\/strong>\u201d: \u00e8 l\u2019ultima determina in ordine temporale pubblicata sul sito del \u201cGal Taormina Peloritani\u201d e riguarda l\u2019affidamento diretto alla \u201c<strong>Hermes Srl<\/strong>\u201d con sede a Santa Teresa di Riva. L\u2019affidamento rientra nell\u2019ambito del progetto \u201c<strong>Discovering rural Sicily<\/strong>\u201d, finanziato dall\u2019<strong>Assessorato regionale Agricoltura e Foreste<\/strong>. Le procedure adottate rispettano le normative del \u201cCodice degli Appalti\u201d. Ma guarda caso i <strong>9mila euro<\/strong> \u201cinvestiti\u201d dalla consortile finiranno nella disponibilit\u00e0 della Tv di famiglia di <strong>Lucia Gaberscek<\/strong>, consigliera comunale di Taormina. \u201cA<em> pensare male si fa peccato ma spesso si indovia<\/em>\u201d diceva <strong>Giulio Andreotti<\/strong>.<\/p>\n\n\n\n<p><strong>Davide Gambale<\/strong><\/p>\n","protected":false},"excerpt":{"rendered":"<p>\u201cGal Taormina Peloritani, terre dei Miti e della Bellezza\u201d e se volete anche degli \u201cschiticchi\u201d. La consortile che fa riferimento al dominus di \u201cSud chiama Nord\u201d si sta caratterizzando pi\u00f9 per le iniziative di promozioni del territorio di dubbia valenza che per le reali ricadute turistico-promozionali del territorio di competenza. La Valle dei miti e [&hellip;]<\/p>\n","protected":false},"author":2,"featured_media":251545,"comment_status":"open","ping_status":"open","sticky":false,"template":"","format":"standard","meta":{"ub_ctt_via":"","_mi_skip_tracking":false},"categories":[19],"tags":[],"featured_image_src":"https:\/\/www.messinaoggi.it\/website\/wp-content\/uploads\/2025\/10\/557605606_1351719583181485_6749910010914006213_n.jpg","author_info":{"display_name":"Redazione","author_link":"https:\/\/www.messinaoggi.it\/website\/author\/redazione\/"},"digistream_id":0,"digistream":false,"_links":{"self":[{"href":"https:\/\/www.messinaoggi.it\/website\/wp-json\/wp\/v2\/posts\/251591"}],"collection":[{"href":"https:\/\/www.messinaoggi.it\/website\/wp-json\/wp\/v2\/posts"}],"about":[{"href":"https:\/\/www.messinaoggi.it\/website\/wp-json\/wp\/v2\/types\/post"}],"author":[{"embeddable":true,"href":"https:\/\/www.messinaoggi.it\/website\/wp-json\/wp\/v2\/users\/2"}],"replies":[{"embeddable":true,"href":"https:\/\/www.messinaoggi.it\/website\/wp-json\/wp\/v2\/comments?post=251591"}],"version-history":[{"count":1,"href":"https:\/\/www.messinaoggi.it\/website\/wp-json\/wp\/v2\/posts\/251591\/revisions"}],"predecessor-version":[{"id":251592,"href":"https:\/\/www.messinaoggi.it\/website\/wp-json\/wp\/v2\/posts\/251591\/revisions\/251592"}],"wp:featuredmedia":[{"embeddable":true,"href":"https:\/\/www.messinaoggi.it\/website\/wp-json\/wp\/v2\/media\/251545"}],"wp:attachment":[{"href":"https:\/\/www.messinaoggi.it\/website\/wp-json\/wp\/v2\/media?parent=251591"}],"wp:term":[{"taxonomy":"category","embeddable":true,"href":"https:\/\/www.messinaoggi.it\/website\/wp-json\/wp\/v2\/categories?post=251591"},{"taxonomy":"post_tag","embeddable":true,"href":"https:\/\/www.messinaoggi.it\/website\/wp-json\/wp\/v2\/tags?post=251591"}],"curies":[{"name":"wp","href":"https:\/\/api.w.org\/{rel}","templated":true}]}}