{"id":251563,"date":"2025-10-05T12:06:30","date_gmt":"2025-10-05T10:06:30","guid":{"rendered":"https:\/\/www.messinaoggi.it\/website\/2025\/10\/05\/aldeguer-vince-in-indonesia-infortunio-alla-clavicola-per-marc-marquez\/"},"modified":"2025-10-05T12:06:30","modified_gmt":"2025-10-05T10:06:30","slug":"aldeguer-vince-in-indonesia-infortunio-alla-clavicola-per-marc-marquez","status":"publish","type":"post","link":"https:\/\/www.messinaoggi.it\/website\/2025\/10\/05\/aldeguer-vince-in-indonesia-infortunio-alla-clavicola-per-marc-marquez\/","title":{"rendered":"Aldeguer vince in Indonesia, infortunio alla clavicola per Marc Marquez"},"content":{"rendered":"<div>MANDALIKA (INDONESIA) (ITALPRESS) &#8211; Fermin Aldeguer (Ducati Gresini) domina il Gran Premio di Indonesia, sul circuito di Mandalika, diciottesimo appuntamento del Mondiale di MotoGP. Il pilota spagnolo approfitta delle cadute di Marco Bezzecchi (Aprilia) e Marc Marquez (Ducati), trasportato al centro medico. Lo spagnolo, secondo il risultato dei primi controlli, potrebbe averer riportato una piccola frattura alla clavicola destra che potrebbe interessare i legamenti come lui stesso ha confermato: &#8220;Dobbiamo capire cosa c&#8217;\u00e8 e voler\u00f2 a Madrid per fare ulteriori controlli. Ma sembra che il legamento della clavicola sia rotto oppure che la clavicola sia lussata. Non \u00e8 il miglior modo per festeggiare il mondiale, ma queste sono le gare e ci sta. Bezzecchi? Marco si \u00e8 venuto subito a scusare. Il braccio interessato \u00e8 il destro, ma non ci dovrebbero essere complicazioni ulteriori. Cercher\u00f2 di tornare il prima possibile, ma sempre seguendo le indicazioni del dottore&#8221;. Aldeguer centra il primo successo in carriera in top class. Scivolato anche Francesco Bagnaia (Ducati), mentre si trovava in ultima posizione. Seconda piazza per Pedro Acosta (Ktm), che vince il duello negli ultimi giri con Alex Marquez (Ducati Gresini). Ai piedi del podio c&#8217;\u00e8 Brad Binder (Ktm) davanti al migliore degli italiani Luca Marini (Honda), che termina quinto. Ottavo Franco Morbidelli (Ducati VR46) e nono Fabio Di Giannantonio (Ducati VR46).<div id=\"div-gpt-ad-Messinaoggi.it-DSK-300x250-corpoart\" style=\"text-align:center;margin:0 auto;\"><\/div><\/p>\n<p>&#8211; Foto: Ipa Agency &#8211; <div id=\"videoincontent\" style=\"clear:both\";><\/div><\/p>\n<p>(ITALPRESS).<\/p><\/div>\n","protected":false},"excerpt":{"rendered":"<p>MANDALIKA (INDONESIA) (ITALPRESS) &#8211; Fermin Aldeguer (Ducati Gresini) domina il Gran Premio di Indonesia, sul circuito di Mandalika, diciottesimo appuntamento del Mondiale di MotoGP. Il pilota spagnolo approfitta delle cadute di Marco Bezzecchi (Aprilia) e Marc Marquez (Ducati), trasportato al centro medico. Lo spagnolo, secondo il risultato dei primi controlli, potrebbe averer riportato una piccola [&hellip;]<\/p>\n","protected":false},"author":18,"featured_media":251564,"comment_status":"closed","ping_status":"closed","sticky":false,"template":"","format":"standard","meta":{"ub_ctt_via":"","_mi_skip_tracking":false},"categories":[446],"tags":[783],"featured_image_src":"https:\/\/www.messinaoggi.it\/website\/wp-content\/uploads\/2025\/10\/20251005_0140.jpg","author_info":{"display_name":"Admin","author_link":"https:\/\/www.messinaoggi.it\/website\/author\/admin\/"},"digistream_id":0,"digistream":false,"_links":{"self":[{"href":"https:\/\/www.messinaoggi.it\/website\/wp-json\/wp\/v2\/posts\/251563"}],"collection":[{"href":"https:\/\/www.messinaoggi.it\/website\/wp-json\/wp\/v2\/posts"}],"about":[{"href":"https:\/\/www.messinaoggi.it\/website\/wp-json\/wp\/v2\/types\/post"}],"author":[{"embeddable":true,"href":"https:\/\/www.messinaoggi.it\/website\/wp-json\/wp\/v2\/users\/18"}],"replies":[{"embeddable":true,"href":"https:\/\/www.messinaoggi.it\/website\/wp-json\/wp\/v2\/comments?post=251563"}],"version-history":[{"count":0,"href":"https:\/\/www.messinaoggi.it\/website\/wp-json\/wp\/v2\/posts\/251563\/revisions"}],"wp:featuredmedia":[{"embeddable":true,"href":"https:\/\/www.messinaoggi.it\/website\/wp-json\/wp\/v2\/media\/251564"}],"wp:attachment":[{"href":"https:\/\/www.messinaoggi.it\/website\/wp-json\/wp\/v2\/media?parent=251563"}],"wp:term":[{"taxonomy":"category","embeddable":true,"href":"https:\/\/www.messinaoggi.it\/website\/wp-json\/wp\/v2\/categories?post=251563"},{"taxonomy":"post_tag","embeddable":true,"href":"https:\/\/www.messinaoggi.it\/website\/wp-json\/wp\/v2\/tags?post=251563"}],"curies":[{"name":"wp","href":"https:\/\/api.w.org\/{rel}","templated":true}]}}