{"id":251561,"date":"2025-10-05T12:06:26","date_gmt":"2025-10-05T10:06:26","guid":{"rendered":"https:\/\/www.messinaoggi.it\/website\/2025\/10\/05\/tajani-pace-piu-vicina-pronti-a-costruire-vero-stato-palestinese\/"},"modified":"2025-10-05T12:06:26","modified_gmt":"2025-10-05T10:06:26","slug":"tajani-pace-piu-vicina-pronti-a-costruire-vero-stato-palestinese","status":"publish","type":"post","link":"https:\/\/www.messinaoggi.it\/website\/2025\/10\/05\/tajani-pace-piu-vicina-pronti-a-costruire-vero-stato-palestinese\/","title":{"rendered":"Tajani \u201cPace pi\u00f9 vicina, pronti a costruire vero stato palestinese\u201d"},"content":{"rendered":"<div>ROMA (ITALPRESS) &#8211; &#8220;<em>Non abbiamo ancora raggiunto l&#8217;obiettivo, <strong>ma la pace a Gaza \u00e8 pi\u00f9 vicina. Confido nel lavoro di Turchia, Qatar ed Egitto per convincere definitivamente Hamas,<\/strong> e negli Usa per influire su Israele. Mancano poche ore all&#8217;anniversario di quel tragico 7 ottobre, questa guerra deve finire&#8221;.<\/em> Lo dice il <strong>vicepremier e ministro degli Esteri Antonio Tajani<\/strong> in una intervista al<em> Corriere della Sera<\/em>. Sul ruolo a cui punta il governo italiano nel board che governer\u00e0 Gaza.<div id=\"div-gpt-ad-Messinaoggi.it-DSK-300x250-corpoart\" style=\"text-align:center;margin:0 auto;\"><\/div><\/p>\n<p>L&#8217;inquilino della Farnesina, ricorda: &#8220;<em>Gi\u00e0 il 9 ottobre a Parigi avr\u00f2 una riunione con i ministri degli Esteri di Francia, Germania e Regno Unito e con i Paesi Arabi e dopo, in Egitto, ci sar\u00e0 la Conferenza per la ricostruzione. Noi siamo pronti a partecipare a un processo politico post-guerra per la ricostruzione e riunificazione della Palestina, con la possibilit\u00e0 di schierare eventualmente nostri militari. I Carabinieri sono gi\u00e0 in Cisgiordania, gli italiani sono ben visti e questo potrebbe essere utile&#8221;.<br \/>\n<\/em><br \/>\nTajani poi aggiunge che sul riconoscimento della<strong> Palestina<\/strong>: <em>&#8220;Lavoriamo giorno dopo giorno, il primo passo \u00e8 la fine della guerra. Siamo soddisfatti di come \u00e8 andato il voto in Parlamento con la nostra proposta di mozione, non c&#8217;\u00e8 stato un voto contrario. Quello di Trump \u00e8 l&#8217;unico piano possibile e bisogna sostenerlo. Poter lavorare forti di questo voto parlamentare \u00e8 positivo. Ci dedicheremo all&#8217;obiettivo di costruire un vero Stato di Palestina e riconoscerlo&#8221;.<\/em><div id=\"videoincontent\" style=\"clear:both\";><\/div><\/p>\n<p>foto: IPA Agency<\/p>\n<p>(ITALPRESS).<\/p><\/div>\n","protected":false},"excerpt":{"rendered":"<p>ROMA (ITALPRESS) &#8211; &#8220;Non abbiamo ancora raggiunto l&#8217;obiettivo, ma la pace a Gaza \u00e8 pi\u00f9 vicina. Confido nel lavoro di Turchia, Qatar ed Egitto per convincere definitivamente Hamas, e negli Usa per influire su Israele. Mancano poche ore all&#8217;anniversario di quel tragico 7 ottobre, questa guerra deve finire&#8221;. Lo dice il vicepremier e ministro degli [&hellip;]<\/p>\n","protected":false},"author":18,"featured_media":251562,"comment_status":"closed","ping_status":"closed","sticky":false,"template":"","format":"standard","meta":{"ub_ctt_via":"","_mi_skip_tracking":false},"categories":[446],"tags":[783],"featured_image_src":"https:\/\/www.messinaoggi.it\/website\/wp-content\/uploads\/2025\/10\/20251005_0090.jpg","author_info":{"display_name":"Admin","author_link":"https:\/\/www.messinaoggi.it\/website\/author\/admin\/"},"digistream_id":0,"digistream":false,"_links":{"self":[{"href":"https:\/\/www.messinaoggi.it\/website\/wp-json\/wp\/v2\/posts\/251561"}],"collection":[{"href":"https:\/\/www.messinaoggi.it\/website\/wp-json\/wp\/v2\/posts"}],"about":[{"href":"https:\/\/www.messinaoggi.it\/website\/wp-json\/wp\/v2\/types\/post"}],"author":[{"embeddable":true,"href":"https:\/\/www.messinaoggi.it\/website\/wp-json\/wp\/v2\/users\/18"}],"replies":[{"embeddable":true,"href":"https:\/\/www.messinaoggi.it\/website\/wp-json\/wp\/v2\/comments?post=251561"}],"version-history":[{"count":0,"href":"https:\/\/www.messinaoggi.it\/website\/wp-json\/wp\/v2\/posts\/251561\/revisions"}],"wp:featuredmedia":[{"embeddable":true,"href":"https:\/\/www.messinaoggi.it\/website\/wp-json\/wp\/v2\/media\/251562"}],"wp:attachment":[{"href":"https:\/\/www.messinaoggi.it\/website\/wp-json\/wp\/v2\/media?parent=251561"}],"wp:term":[{"taxonomy":"category","embeddable":true,"href":"https:\/\/www.messinaoggi.it\/website\/wp-json\/wp\/v2\/categories?post=251561"},{"taxonomy":"post_tag","embeddable":true,"href":"https:\/\/www.messinaoggi.it\/website\/wp-json\/wp\/v2\/tags?post=251561"}],"curies":[{"name":"wp","href":"https:\/\/api.w.org\/{rel}","templated":true}]}}