{"id":251513,"date":"2025-10-04T12:06:34","date_gmt":"2025-10-04T10:06:34","guid":{"rendered":"https:\/\/www.messinaoggi.it\/website\/2025\/10\/04\/guerini-chi-manifesta-deve-essere-sempre-rispettato\/"},"modified":"2025-10-04T12:06:34","modified_gmt":"2025-10-04T10:06:34","slug":"guerini-chi-manifesta-deve-essere-sempre-rispettato","status":"publish","type":"post","link":"https:\/\/www.messinaoggi.it\/website\/2025\/10\/04\/guerini-chi-manifesta-deve-essere-sempre-rispettato\/","title":{"rendered":"Guerini \u201cChi manifesta deve essere sempre rispettato\u201d"},"content":{"rendered":"<div>ROMA (ITALPRESS) &#8211; &#8220;Il piano americano, accettato da numerosi Paesi arabi, \u00e8 un passo importante per conseguire l&#8217;obiettivo di raggiungere la pace e fermare la sofferenza della popolazione di Gaza. Si poteva arrivare a una convergenza pi\u00f9 significativa in Parlamento e abbiamo lavorato per riuscirci. Ma il contesto molto polarizzato, con gli attacchi alle opposizioni giunti da chi guida il governo e qualche irrigidimento a sinistra, non ha aiutato. Per questo abbiamo lavorato all&#8217;astensione sulla risoluzione della maggioranza che era il massimo che si poteva ottenere in questo passaggio e credo sia stato un risultato alla fine positivo. Se stiamo a ci\u00f2 che era scritto in tutte le risoluzioni presentate, a partire dalla nostra, il piano Usa \u00e8 oggi considerato un punto di partenza condiviso&#8221;. Cos\u00ec, in un&#8217;intervista al Corriere della Sera, Lorenzo Guerini, deputato del Pd e presidente del Copasir.<br \/>&#8220;Sono cresciuto &#8211; spiega &#8211; nella cultura dell&#8217;autonomia del sindacato dalla politica. E viceversa. Chi sciopera, chi manifesta, deve essere sempre rispettato. Se migliaia di persone vanno in piazza bisogna guardare con attenzione, non con sufficienza. Uno sciopero non ha il compito di risolvere una questione o di indicare una soluzione. E&#8217; uno strumento per esprimere un&#8217;indignazione, per fare pressione, per manifestare un problema. Spesso anche con contraddizioni, che sono le contraddizioni della realt\u00e0 storica che stiamo vivendo. Ci\u00f2 che contesto \u00e8 che la politica si limiti a trasformarsi in megafono quando invece il suo compito \u00e8 raccogliere quelle domande mediandole nella responsabilit\u00e0 delle decisioni&#8221;. E alla domanda se Giorgia Meloni schiaccia la sinistra su posizioni estremiste, Lorenzo Guerini risponde: &#8220;Ho un ruolo istituzionale che mi impone sobriet\u00e0 nella risposta. Ribadisco il concetto di prima: nessuno deve pensare di strumentalizzare, in un senso o nell&#8217;altro, le piazze a proprio vantaggio. L&#8217;eccessiva polarizzazione della politica italiana credo non porti a nulla di buono e forse \u00e8 uno degli elementi alla base della disaffezione sempre pi\u00f9 evidente nelle urne. La delegittimazione reciproca, l&#8217;incapacit\u00e0 di trovare terreni comuni di confronto pur nella asprezza della lotta politica e delle sacrosante differenze rischia di dividere il Paese e di imbarbarire il confronto politico&#8221;. Il Pd ora insegue Landini, Albanese, la piazza? &#8220;Io non inseguo nessuno. Elly Schlein ha lavorato con impegno per unire le opposizioni e ci\u00f2 ha consentito, anche in queste regionali, di presentarci uniti di fronte agli elettori. Un passo necessario conseguito per la caparbiet\u00e0 della segretaria. Ora bisogna trasformare l&#8217;unit\u00e0 delle opposizioni in una proposta politica che diventi una credibile e forte alternativa al governo della destra. Dando un profilo pi\u00f9 politico, oltre che aritmetico, alla nostra proposta. E a questo si deve dedicare soprattutto il Partito democratico che di questo progetto rappresenta l&#8217;infrastruttura portante. Chiarendo, con le mediazioni che la politica richiede, ci\u00f2 che va chiarito a partire dal nostro posizionamento sulle grandi trasformazioni dello scenario internazionale. Non basta dire che dall&#8217;altra parte c&#8217;\u00e8 la destra e sperare in un quadro in cui la partecipazione elettorale langue, e uso un&#8217;espressione non mia, &#8216;di portare a votare i tuo\u00ec. Ecco credo che questo non basti per vincere le prossime elezioni politiche&#8221;. All&#8217;osservazione che sembra avere un buon rapporto con il ministro Guido Crosetto, dichiara: &#8220;Il tema non \u00e8 il rapporto con questo o quel ministro ma come il governo e la maggioranza intendono il rapporto con l&#8217;opposizione. Ci sono passaggi in cui maggioranza e opposizione, e quello della crisi mediorientale cos\u00ec come la guerra della Russia all&#8217;Ucraina sono tra questi, dovrebbero cercare appunto di trovare un terreno comune di confronto. Ma questo dipende innanzitutto dal governo e dalla maggioranza. Fino ad oggi non c&#8217;\u00e8 stato perch\u00e8 penso che dall&#8217;esasperazione della polarizzazione la destra pensi di trarne vantaggio elettorale. Ma \u00e8 un calcolo sbagliato e senza respiro&#8221;. <br \/>Secondo Guerini &#8220;tutto il Pd ha espresso apprezzamento e sostegno alle parole del capo dello Stato. Dobbiamo solo ringraziare il presidente. Il suo \u00e8 stato un appello di grande rilevanza che io, e come me molti altri nel nostro partito, ho accolto con riconoscenza. E, pur nel rispetto delle autonome decisioni di chi era sulla Flotilla, avevo auspicato convintamente che venisse raccolto\u00bb.<br \/>In merito al fronte dell&#8217;Ucraina, &#8220;Putin dimostra ogni giorno di non volere la pace. Continua a bombardare le citt\u00e0 e la popolazione civile ucraina sperando di fiaccarne l&#8217;eroica e coraggiosa capacit\u00e0 di resistere e difendersi. E, nel contempo, compie azioni di guerra ibrida per &#8216;testar\u00e8 non solo le reazioni della Nato ma soprattutto quelle delle opinioni pubbliche europee. Azioni che si accompagnano alle campagne di disinformazione in tutta Europa. Per questo bisogna continuare a sostenere con ancor pi\u00f9 determinazione l&#8217;Ucraina e chi guarda all&#8217;Europa con coraggio e speranza: da questo punto di vista le recenti elezioni in Moldova sono un segnale molto positivo&#8221;. Poi, Lorenzo Guerini conclude, sostenendo che investire nella difesa &#8220;\u00e8 necessario per dare concretezza alla tanto agognata autonomia strategica europea. Investendo insieme come europei, utilizzando gli strumenti contenuti nel Readiness 2030 come Safe, sul rafforzamento delle nostre capacit\u00e0 militari a partire dalla difesa antimissile e antidrone, dalla difesa cibernetica e dallo spazio. Passi necessari per realizzare concretamente quella difesa europea che altrimenti resta solo un&#8217;idea romantica utile a non far nulla&#8221;. <br \/>&#8211; foto Ipa agency &#8211;<br \/>(ITALPRESS).<\/div>\n<div id=\"div-gpt-ad-Messinaoggi.it-DSK-300x250-corpoart\" style=\"text-align:center;margin:0 auto;\"><\/div><\/p><div id=\"videoincontent\" style=\"clear:both\";><\/div>","protected":false},"excerpt":{"rendered":"<p>ROMA (ITALPRESS) &#8211; &#8220;Il piano americano, accettato da numerosi Paesi arabi, \u00e8 un passo importante per conseguire l&#8217;obiettivo di raggiungere la pace e fermare la sofferenza della popolazione di Gaza. Si poteva arrivare a una convergenza pi\u00f9 significativa in Parlamento e abbiamo lavorato per riuscirci. Ma il contesto molto polarizzato, con gli attacchi alle opposizioni [&hellip;]<\/p>\n","protected":false},"author":18,"featured_media":251514,"comment_status":"closed","ping_status":"closed","sticky":false,"template":"","format":"standard","meta":{"ub_ctt_via":"","_mi_skip_tracking":false},"categories":[446],"tags":[783],"featured_image_src":"https:\/\/www.messinaoggi.it\/website\/wp-content\/uploads\/2025\/10\/20251004_0166.jpg","author_info":{"display_name":"Admin","author_link":"https:\/\/www.messinaoggi.it\/website\/author\/admin\/"},"digistream_id":0,"digistream":false,"_links":{"self":[{"href":"https:\/\/www.messinaoggi.it\/website\/wp-json\/wp\/v2\/posts\/251513"}],"collection":[{"href":"https:\/\/www.messinaoggi.it\/website\/wp-json\/wp\/v2\/posts"}],"about":[{"href":"https:\/\/www.messinaoggi.it\/website\/wp-json\/wp\/v2\/types\/post"}],"author":[{"embeddable":true,"href":"https:\/\/www.messinaoggi.it\/website\/wp-json\/wp\/v2\/users\/18"}],"replies":[{"embeddable":true,"href":"https:\/\/www.messinaoggi.it\/website\/wp-json\/wp\/v2\/comments?post=251513"}],"version-history":[{"count":0,"href":"https:\/\/www.messinaoggi.it\/website\/wp-json\/wp\/v2\/posts\/251513\/revisions"}],"wp:featuredmedia":[{"embeddable":true,"href":"https:\/\/www.messinaoggi.it\/website\/wp-json\/wp\/v2\/media\/251514"}],"wp:attachment":[{"href":"https:\/\/www.messinaoggi.it\/website\/wp-json\/wp\/v2\/media?parent=251513"}],"wp:term":[{"taxonomy":"category","embeddable":true,"href":"https:\/\/www.messinaoggi.it\/website\/wp-json\/wp\/v2\/categories?post=251513"},{"taxonomy":"post_tag","embeddable":true,"href":"https:\/\/www.messinaoggi.it\/website\/wp-json\/wp\/v2\/tags?post=251513"}],"curies":[{"name":"wp","href":"https:\/\/api.w.org\/{rel}","templated":true}]}}