{"id":251494,"date":"2025-10-04T11:07:16","date_gmt":"2025-10-04T09:07:16","guid":{"rendered":"http:\/\/www.messinaoggi.it\/website\/?p=251494"},"modified":"2025-10-04T11:16:09","modified_gmt":"2025-10-04T09:16:09","slug":"azione-messina-al-fianco-dei-lavoratori-cargill-difendere-giammoro-e-difendere-la-dignita-del-territorio","status":"publish","type":"post","link":"https:\/\/www.messinaoggi.it\/website\/2025\/10\/04\/azione-messina-al-fianco-dei-lavoratori-cargill-difendere-giammoro-e-difendere-la-dignita-del-territorio\/","title":{"rendered":"Azione Messina al fianco dei lavoratori Cargill: \u201cDifendere Giammoro \u00e8 difendere la dignit\u00e0 del territorio\u201d"},"content":{"rendered":"\n<p>La chiusura annunciata dello <strong>stabilimento Cargill di Giammoro<\/strong> non \u00e8 solo un tema sindacale: \u00e8 una questione di dignit\u00e0 e di futuro per un intero territorio. A sostenerlo \u00e8 <strong>Azione Messina<\/strong>, che interviene con decisione sulla vertenza che riguarda i 49 lavoratori diretti, le loro famiglie e l\u2019indotto dell\u2019area industriale di Milazzo e Pace del Mela.<div id=\"div-gpt-ad-Messinaoggi.it-DSK-300x250-corpoart\" style=\"text-align:center;margin:0 auto;\"><\/div><\/p>\n\n\n\n<p>\u201cNon possiamo accettare \u2013 dichiara <strong>Letterio Grasso<\/strong>, presidente provinciale di Azione Messina \u2013 che decisioni unilaterali di una multinazionale condannino decine di lavoratori e allo stesso tempo infliggano un colpo mortale alla gi\u00e0 fragile area industriale. Non \u00e8 accettabile che la Sicilia venga penalizzata mentre stabilimenti analoghi in Francia e Germania restano pienamente operativi\u201d.<div id=\"videoincontent\" style=\"clear:both\";><\/div><\/p>\n\n\n\n<h2>Le motivazioni ufficiali e le contraddizioni di mercato<\/h2>\n\n\n\n<p>Secondo Cargill, alla base della decisione ci sarebbero i costi energetici e le difficolt\u00e0 di mercato. Ma la realt\u00e0, sottolinea Azione, racconta un\u2019altra storia: il mercato della pectina, prodotto di punta dello stabilimento, non \u00e8 affatto in crisi. Anzi, i dati globali indicano una crescita della domanda del 5% nel settore alimentare, con un giro d\u2019affari che supera 1,3 miliardi di dollari a livello mondiale.<\/p>\n\n\n\n<p>\u201c\u00c8 evidente \u2013 prosegue Grasso \u2013 che non siamo davanti a un problema contingente, ma a una scelta strategica che penalizza la Sicilia e mette a nudo l\u2019assenza di una vera politica industriale nazionale\u201d.<\/p>\n\n\n\n<h2>Le richieste di Azione Messina<\/h2>\n\n\n\n<p>Il movimento lancia tre proposte concrete per affrontare l\u2019emergenza:<\/p>\n\n\n\n<ul><li>Tavolo istituzionale immediato con Regione, Governo e azienda per chiarire le reali intenzioni di Cargill;<\/li><li>Ricerca di un acquirente serio o di un progetto di riconversione industriale che possa garantire posti di lavoro e sviluppo;<\/li><li>Ammortizzatori sociali immediati per i lavoratori diretti e per l\u2019indotto.<\/li><\/ul>\n\n\n\n<h2>\u201cNo alla desertificazione industriale\u201d<\/h2>\n\n\n\n<p>Per Azione Messina la vicenda Giammoro rappresenta l\u2019ennesimo capitolo di una crisi pi\u00f9 ampia che ha colpito l\u2019area di Milazzo e Pace del Mela: fabbriche chiuse, promesse mancate e un futuro industriale sempre pi\u00f9 incerto.<\/p>\n\n\n\n<p>\u201cNon possiamo permettere che la zona diventi un cimitero di capannoni abbandonati \u2013 afferma Grasso \u2013. Questa volta serve un fronte comune: istituzioni, sindacati, forze politiche e cittadini devono muoversi insieme, senza limitarsi a comunicati di circostanza\u201d.<\/p>\n\n\n\n<h2>Una battaglia per il futuro<\/h2>\n\n\n\n<p>Azione conclude ribadendo che la vertenza non riguarda solo i 49 dipendenti ma l\u2019intero tessuto economico del territorio: <\/p>\n\n\n\n<p>\u201cDifendere Giammoro significa difendere il futuro produttivo della Sicilia. La dignit\u00e0 non si licenzia, e noi saremo al fianco dei lavoratori in questa battaglia\u201d.<\/p>\n","protected":false},"excerpt":{"rendered":"<p>La chiusura annunciata dello stabilimento Cargill di Giammoro non \u00e8 solo un tema sindacale: \u00e8 una questione di dignit\u00e0 e di futuro per un intero territorio. A sostenerlo \u00e8 Azione Messina, che interviene con decisione sulla vertenza che riguarda i 49 lavoratori diretti, le loro famiglie e l\u2019indotto dell\u2019area industriale di Milazzo e Pace del [&hellip;]<\/p>\n","protected":false},"author":15,"featured_media":251498,"comment_status":"open","ping_status":"open","sticky":false,"template":"","format":"standard","meta":{"ub_ctt_via":"","_mi_skip_tracking":false},"categories":[4,6],"tags":[6250,11710,1063,11339],"featured_image_src":"https:\/\/www.messinaoggi.it\/website\/wp-content\/uploads\/2025\/10\/IMG-20251002-WA0039.jpg","author_info":{"display_name":"red.me","author_link":"https:\/\/www.messinaoggi.it\/website\/author\/red-me\/"},"digistream_id":0,"digistream":false,"_links":{"self":[{"href":"https:\/\/www.messinaoggi.it\/website\/wp-json\/wp\/v2\/posts\/251494"}],"collection":[{"href":"https:\/\/www.messinaoggi.it\/website\/wp-json\/wp\/v2\/posts"}],"about":[{"href":"https:\/\/www.messinaoggi.it\/website\/wp-json\/wp\/v2\/types\/post"}],"author":[{"embeddable":true,"href":"https:\/\/www.messinaoggi.it\/website\/wp-json\/wp\/v2\/users\/15"}],"replies":[{"embeddable":true,"href":"https:\/\/www.messinaoggi.it\/website\/wp-json\/wp\/v2\/comments?post=251494"}],"version-history":[{"count":3,"href":"https:\/\/www.messinaoggi.it\/website\/wp-json\/wp\/v2\/posts\/251494\/revisions"}],"predecessor-version":[{"id":251497,"href":"https:\/\/www.messinaoggi.it\/website\/wp-json\/wp\/v2\/posts\/251494\/revisions\/251497"}],"wp:featuredmedia":[{"embeddable":true,"href":"https:\/\/www.messinaoggi.it\/website\/wp-json\/wp\/v2\/media\/251498"}],"wp:attachment":[{"href":"https:\/\/www.messinaoggi.it\/website\/wp-json\/wp\/v2\/media?parent=251494"}],"wp:term":[{"taxonomy":"category","embeddable":true,"href":"https:\/\/www.messinaoggi.it\/website\/wp-json\/wp\/v2\/categories?post=251494"},{"taxonomy":"post_tag","embeddable":true,"href":"https:\/\/www.messinaoggi.it\/website\/wp-json\/wp\/v2\/tags?post=251494"}],"curies":[{"name":"wp","href":"https:\/\/api.w.org\/{rel}","templated":true}]}}