{"id":251443,"date":"2025-10-03T14:06:33","date_gmt":"2025-10-03T12:06:33","guid":{"rendered":"https:\/\/www.messinaoggi.it\/website\/2025\/10\/03\/logistica-falteri-la-filiera-europea-deve-rafforzarsi\/"},"modified":"2025-10-03T14:06:33","modified_gmt":"2025-10-03T12:06:33","slug":"logistica-falteri-la-filiera-europea-deve-rafforzarsi","status":"publish","type":"post","link":"https:\/\/www.messinaoggi.it\/website\/2025\/10\/03\/logistica-falteri-la-filiera-europea-deve-rafforzarsi\/","title":{"rendered":"Logistica, Falteri \u201cLa filiera europea deve rafforzarsi\u201d"},"content":{"rendered":"<div>MILANO (ITALPRESS) &#8211; &#8220;Dobbiamo rafforzare il sistema logistico europeo e dobbiamo essere in grado, grazie anche a strumenti come l&#8217;intelligenza artificiale, di riprogrammare velocemente le rotte per offrire al mondo dell&#8217;impresa la possibilit\u00e0 di programmare velocemente la catena del valore legata al trasporto&#8221;. Lo afferma Davide Falteri, presidente di Federlogistica, intervistato da Claudio Brachino per il magazine televisivo Italpress Economy.<br \/>\n&#8220;Per farlo bisogna essere digitali e interconnessi, e questo disegno strategico va attuato il prima possibile&#8221;, spiega il presidente di Federlogistica, per il quale &#8220;forse \u00e8 anacronistico parlare di competitivit\u00e0 tra i paesi europei, bisognerebbe guardare di pi\u00f9 al sistema Europa per essere in grado di essere competitivi a livello globale, e non subire i cambiamenti repentini geopolitici e di mercato&#8221;.<br \/>\nRiguardo all&#8217;intelligenza artificiale sottolinea: &#8220;Se viene utilizzata in maniera corretta e ancorata ai valori \u00e8 un&#8217;opportunit\u00e0. Ci aiuta a reingegnerizzare rapidamente i processi per renderli digitali, \u00e8 una cosa diversa da rendere digitali processi che sono magari di 40 anni fa. Bisogna prima ridefinire le operazioni perch\u00e8 siano pi\u00f9 snelle possibili e soprattutto utilizzare questi strumenti per calcolare velocemente le rotte pi\u00f9 rapide e anche meno impattanti dal punto di vista economico. Questo si traduce in competitivit\u00e0 per il sistema produttivo&#8221;.<br \/>\nSecondo Falteri &#8220;bisogna rendere competitiva la catena logistica, uno strumento al servizio del mondo industriale. E&#8217; fondamentale che il sistema diventi performante: vuol dire dialogare con le imprese ed essere in grado di dare loro condizioni migliori per poter far viaggiare le merci nel pi\u00f9 breve tempo possibile ai costi pi\u00f9 bassi possibili&#8221;.<br \/>\n&#8220;Le parole chiave &#8211; prosegue &#8211; sono interoperabilit\u00e0 dei sistemi informativi, standard internazionali e dematerializzazione documentale, perch\u00e8 \u00e8 anacronistico pensare che in alcuni casi sia ancora necessario avere documenti cartacei che accompagnano la merce&#8221;.<br \/>\nQuanto alla logistica italiana, per Falteri &#8220;sta facendo grossi passi avanti. A livello governativo \u00e8 stato promosso e portato a termine il trasferimento in cloud dei sistemi informativi dei principali porti italiani, il Port Community System&#8221; e un lavoro importante \u00e8 in atto anche &#8220;sull&#8217;intermodalit\u00e0, soprattutto ferroviaria&#8221;.<div id=\"div-gpt-ad-Messinaoggi.it-DSK-300x250-corpoart\" style=\"text-align:center;margin:0 auto;\"><\/div><\/p>\n<p>&#8211; Foto Italpress &#8211;<div id=\"videoincontent\" style=\"clear:both\";><\/div><\/p>\n<p>(ITALPRESS).<\/p><\/div>\n","protected":false},"excerpt":{"rendered":"<p>MILANO (ITALPRESS) &#8211; &#8220;Dobbiamo rafforzare il sistema logistico europeo e dobbiamo essere in grado, grazie anche a strumenti come l&#8217;intelligenza artificiale, di riprogrammare velocemente le rotte per offrire al mondo dell&#8217;impresa la possibilit\u00e0 di programmare velocemente la catena del valore legata al trasporto&#8221;. Lo afferma Davide Falteri, presidente di Federlogistica, intervistato da Claudio Brachino per [&hellip;]<\/p>\n","protected":false},"author":18,"featured_media":251444,"comment_status":"closed","ping_status":"closed","sticky":false,"template":"","format":"standard","meta":{"ub_ctt_via":"","_mi_skip_tracking":false},"categories":[446],"tags":[783],"featured_image_src":"https:\/\/www.messinaoggi.it\/website\/wp-content\/uploads\/2025\/10\/20251003_0420.jpg","author_info":{"display_name":"Admin","author_link":"https:\/\/www.messinaoggi.it\/website\/author\/admin\/"},"digistream_id":0,"digistream":false,"_links":{"self":[{"href":"https:\/\/www.messinaoggi.it\/website\/wp-json\/wp\/v2\/posts\/251443"}],"collection":[{"href":"https:\/\/www.messinaoggi.it\/website\/wp-json\/wp\/v2\/posts"}],"about":[{"href":"https:\/\/www.messinaoggi.it\/website\/wp-json\/wp\/v2\/types\/post"}],"author":[{"embeddable":true,"href":"https:\/\/www.messinaoggi.it\/website\/wp-json\/wp\/v2\/users\/18"}],"replies":[{"embeddable":true,"href":"https:\/\/www.messinaoggi.it\/website\/wp-json\/wp\/v2\/comments?post=251443"}],"version-history":[{"count":0,"href":"https:\/\/www.messinaoggi.it\/website\/wp-json\/wp\/v2\/posts\/251443\/revisions"}],"wp:featuredmedia":[{"embeddable":true,"href":"https:\/\/www.messinaoggi.it\/website\/wp-json\/wp\/v2\/media\/251444"}],"wp:attachment":[{"href":"https:\/\/www.messinaoggi.it\/website\/wp-json\/wp\/v2\/media?parent=251443"}],"wp:term":[{"taxonomy":"category","embeddable":true,"href":"https:\/\/www.messinaoggi.it\/website\/wp-json\/wp\/v2\/categories?post=251443"},{"taxonomy":"post_tag","embeddable":true,"href":"https:\/\/www.messinaoggi.it\/website\/wp-json\/wp\/v2\/tags?post=251443"}],"curies":[{"name":"wp","href":"https:\/\/api.w.org\/{rel}","templated":true}]}}