{"id":251417,"date":"2025-10-03T11:30:38","date_gmt":"2025-10-03T09:30:38","guid":{"rendered":"http:\/\/www.messinaoggi.it\/website\/?p=251417"},"modified":"2025-10-03T11:37:07","modified_gmt":"2025-10-03T09:37:07","slug":"messina-in-piazza-per-la-flotilla-ma-non-ce-stato-il-pienone","status":"publish","type":"post","link":"https:\/\/www.messinaoggi.it\/website\/2025\/10\/03\/messina-in-piazza-per-la-flotilla-ma-non-ce-stato-il-pienone\/","title":{"rendered":"Messina in piazza per la Flotilla, ma non c&#8217;\u00e8 stato il pienone"},"content":{"rendered":"\n<p>Messina scende in piazza per lo sciopero generale indetto dalla Cgil e da altre sigle sindacali autonome. Si \u00e8 trattato di un&#8217;attestazione di presenza ma non c&#8217;\u00e8 stato in pienone come in altre citt\u00e0 italiane.<div id=\"div-gpt-ad-Messinaoggi.it-DSK-300x250-corpoart\" style=\"text-align:center;margin:0 auto;\"><\/div><\/p>\n\n\n\n<p>L&#8217;adesione allo sciopero non \u00e8 stata massiccia e la presenza l&#8217;hanno garantita soprattutto gli studenti delle scuole che alle finalit\u00e0 della manifestazione per il popolo di Gaza s&#8217;\u00e8 aggiunto un giorno di scuola saltato. Presenti comunque attivisti<div id=\"videoincontent\" style=\"clear:both\";><\/div><\/p>\n\n\n\n<p>Il corteo ha sfilato in maniera molto composta nelle vie del centro cittadino partendo dal concentramento a piazza Antonello. Bandiere palestinesi hanno colorato il corteo, mentre gli slogan contro il governo hanno scandito la &#8220;camminata&#8221; per le vie del centro di una Messina molto tiepida rispetto all&#8217;importanza del tema.<\/p>\n","protected":false},"excerpt":{"rendered":"<p>Messina scende in piazza per lo sciopero generale indetto dalla Cgil e da altre sigle sindacali autonome. Si \u00e8 trattato di un&#8217;attestazione di presenza ma non c&#8217;\u00e8 stato in pienone come in altre citt\u00e0 italiane. L&#8217;adesione allo sciopero non \u00e8 stata massiccia e la presenza l&#8217;hanno garantita soprattutto gli studenti delle scuole che alle finalit\u00e0 [&hellip;]<\/p>\n","protected":false},"author":2,"featured_media":0,"comment_status":"open","ping_status":"open","sticky":false,"template":"","format":"standard","meta":{"ub_ctt_via":"","_mi_skip_tracking":false},"categories":[1],"tags":[],"featured_image_src":null,"author_info":{"display_name":"Redazione","author_link":"https:\/\/www.messinaoggi.it\/website\/author\/redazione\/"},"digistream_id":0,"digistream":false,"_links":{"self":[{"href":"https:\/\/www.messinaoggi.it\/website\/wp-json\/wp\/v2\/posts\/251417"}],"collection":[{"href":"https:\/\/www.messinaoggi.it\/website\/wp-json\/wp\/v2\/posts"}],"about":[{"href":"https:\/\/www.messinaoggi.it\/website\/wp-json\/wp\/v2\/types\/post"}],"author":[{"embeddable":true,"href":"https:\/\/www.messinaoggi.it\/website\/wp-json\/wp\/v2\/users\/2"}],"replies":[{"embeddable":true,"href":"https:\/\/www.messinaoggi.it\/website\/wp-json\/wp\/v2\/comments?post=251417"}],"version-history":[{"count":1,"href":"https:\/\/www.messinaoggi.it\/website\/wp-json\/wp\/v2\/posts\/251417\/revisions"}],"predecessor-version":[{"id":251419,"href":"https:\/\/www.messinaoggi.it\/website\/wp-json\/wp\/v2\/posts\/251417\/revisions\/251419"}],"wp:attachment":[{"href":"https:\/\/www.messinaoggi.it\/website\/wp-json\/wp\/v2\/media?parent=251417"}],"wp:term":[{"taxonomy":"category","embeddable":true,"href":"https:\/\/www.messinaoggi.it\/website\/wp-json\/wp\/v2\/categories?post=251417"},{"taxonomy":"post_tag","embeddable":true,"href":"https:\/\/www.messinaoggi.it\/website\/wp-json\/wp\/v2\/tags?post=251417"}],"curies":[{"name":"wp","href":"https:\/\/api.w.org\/{rel}","templated":true}]}}